{"id":35607,"date":"2018-02-13T18:18:44","date_gmt":"2018-02-13T21:18:44","guid":{"rendered":"http:\/\/www.cordobatimes.com\/deportes\/?p=35607"},"modified":"2018-02-13T18:19:51","modified_gmt":"2018-02-13T21:19:51","slug":"segunda-prueba","status":"publish","type":"post","link":"https:\/\/www.cordobatimes.com\/deportes\/futbol\/2018\/02\/13\/segunda-prueba\/","title":{"rendered":"Segunda prueba"},"content":{"rendered":"<h3><strong>Por la segunda fecha del Grupo &#8220;A&#8221; de la Copa Libertadores Sub 20, la &#8220;T&#8221; se mide ante Club Quebracho de Bolivia.<\/strong><\/h3>\n<p>El equipo que dirige Egidio Acu\u00f1a quiere seguir por la senda de la victoria tras su gran debut en la competici\u00f3n. Es un partido clave si quiere pasar a las semifinales del torneo. Juegan desde las 18:45 hs en el estadio Centenario de Uruguay.<\/p>\n<p>Talleres ir\u00e1 con: Joaqu\u00edn Bl\u00e1zquez; Franco Malague\u00f1o, Tom\u00e1s Oneto, Agust\u00edn Irazoque, Lautaro Nu\u00f1ez; Fernando Ju\u00e1rez, Carlos Villalba, Cristian Ojeda; Nahuel Bustos, Mauro Valiente, Marcos Arturia.<\/p>\n<p>El \u00e1rbitro ser\u00e1 C\u00e9sar Deischler. El partido no ser\u00e1 televisado, por lo que quienes deseen seguir el partido deber\u00e1n hacerlo a trav\u00e9s del Twitter oficial de Talleres (@CATalleresdecba).<\/p>\n<p>&nbsp;<\/p>\n<blockquote class=\"twitter-tweet\" data-lang=\"es\">\n<p dir=\"ltr\" lang=\"es\"><a href=\"https:\/\/twitter.com\/hashtag\/CopaLibertadores?src=hash&amp;ref_src=twsrc%5Etfw\">#CopaLibertadores<\/a> Sub 20 | La entrada en calor de Joaqu\u00edn Bl\u00e1zquez junto al entrenador de arqueros Rom\u00e1n Ranalli. <a href=\"https:\/\/t.co\/WRSDSaWIln\">pic.twitter.com\/WRSDSaWIln<\/a><\/p>\n<p>\u2014 Talleres (@CATalleresdecba) <a href=\"https:\/\/twitter.com\/CATalleresdecba\/status\/963518749470060544?ref_src=twsrc%5Etfw\">13 de febrero de 2018<\/a><\/p><\/blockquote>\n<p><script async src=\"https:\/\/platform.twitter.com\/widgets.js\" charset=\"utf-8\"><\/script><\/p>\n<blockquote class=\"twitter-tweet\" data-lang=\"es\">\n<p dir=\"ltr\" lang=\"es\"><a href=\"https:\/\/twitter.com\/hashtag\/CopaLibertadores?src=hash&amp;ref_src=twsrc%5Etfw\">#CopaLibertadores<\/a> Sub 20 | La formaci\u00f3n de <a href=\"https:\/\/twitter.com\/hashtag\/Talleres?src=hash&amp;ref_src=twsrc%5Etfw\">#Talleres<\/a> para jugar ante <a href=\"https:\/\/twitter.com\/ClubQuebracho?ref_src=twsrc%5Etfw\">@ClubQuebracho<\/a> por la segunda fecha del Grupo A. <a href=\"https:\/\/t.co\/ZTnPT5IEBS\">pic.twitter.com\/ZTnPT5IEBS<\/a><\/p>\n<p>\u2014 Talleres (@CATalleresdecba) <a href=\"https:\/\/twitter.com\/CATalleresdecba\/status\/963514366300573696?ref_src=twsrc%5Etfw\">13 de febrero de 2018<\/a><\/p><\/blockquote>\n<p><script async src=\"https:\/\/platform.twitter.com\/widgets.js\" charset=\"utf-8\"><\/script><\/p>\n<blockquote class=\"twitter-tweet\" data-lang=\"es\">\n<p dir=\"ltr\" lang=\"es\"><a href=\"https:\/\/twitter.com\/hashtag\/CopaLibertadores?src=hash&amp;ref_src=twsrc%5Etfw\">#CopaLibertadores<\/a> Sub 20 | A 40 minutos del inicio del partido. \u00a1<a href=\"https:\/\/twitter.com\/hashtag\/VamosTalleres?src=hash&amp;ref_src=twsrc%5Etfw\">#VamosTalleres<\/a>! <a href=\"https:\/\/t.co\/04pNB5LmVB\">pic.twitter.com\/04pNB5LmVB<\/a><\/p>\n<p>\u2014 Talleres (@CATalleresdecba) <a href=\"https:\/\/twitter.com\/CATalleresdecba\/status\/963520010734972928?ref_src=twsrc%5Etfw\">13 de febrero de 2018<\/a><\/p><\/blockquote>\n<p><script async src=\"https:\/\/platform.twitter.com\/widgets.js\" charset=\"utf-8\"><\/script><\/p>\n","protected":false},"excerpt":{"rendered":"<p>Por la segunda fecha del Grupo &#8220;A&#8221; de la Copa Libertadores Sub 20, la &#8220;T&#8221; se mide ante Club Quebracho de Bolivia. El equipo que dirige Egidio Acu\u00f1a quiere seguir por la senda de la victoria tras su gran debut en la competici\u00f3n. Es un partido clave si quiere pasar a las semifinales del torneo. [&hellip;]<\/p>\n","protected":false},"author":26,"featured_media":35608,"comment_status":"closed","ping_status":"closed","sticky":false,"template":"","format":"standard","meta":{"_seopress_robots_primary_cat":"","_seopress_titles_title":"","_seopress_titles_desc":"","_seopress_robots_index":"","footnotes":""},"categories":[2],"tags":[26,6424,6422,6423,40,316,2287],"class_list":["post-35607","post","type-post","status-publish","format-standard","has-post-thumbnail","hentry","category-futbol","tag-argentina","tag-estadio-centenario","tag-libertadores-sub-20","tag-quebracho","tag-talleres","tag-uruguay","tag-venezuela"],"_links":{"self":[{"href":"https:\/\/www.cordobatimes.com\/deportes\/wp-json\/wp\/v2\/posts\/35607","targetHints":{"allow":["GET"]}}],"collection":[{"href":"https:\/\/www.cordobatimes.com\/deportes\/wp-json\/wp\/v2\/posts"}],"about":[{"href":"https:\/\/www.cordobatimes.com\/deportes\/wp-json\/wp\/v2\/types\/post"}],"author":[{"embeddable":true,"href":"https:\/\/www.cordobatimes.com\/deportes\/wp-json\/wp\/v2\/users\/26"}],"replies":[{"embeddable":true,"href":"https:\/\/www.cordobatimes.com\/deportes\/wp-json\/wp\/v2\/comments?post=35607"}],"version-history":[{"count":0,"href":"https:\/\/www.cordobatimes.com\/deportes\/wp-json\/wp\/v2\/posts\/35607\/revisions"}],"wp:featuredmedia":[{"embeddable":true,"href":"https:\/\/www.cordobatimes.com\/deportes\/wp-json\/wp\/v2\/media\/35608"}],"wp:attachment":[{"href":"https:\/\/www.cordobatimes.com\/deportes\/wp-json\/wp\/v2\/media?parent=35607"}],"wp:term":[{"taxonomy":"category","embeddable":true,"href":"https:\/\/www.cordobatimes.com\/deportes\/wp-json\/wp\/v2\/categories?post=35607"},{"taxonomy":"post_tag","embeddable":true,"href":"https:\/\/www.cordobatimes.com\/deportes\/wp-json\/wp\/v2\/tags?post=35607"}],"curies":[{"name":"wp","href":"https:\/\/api.w.org\/{rel}","templated":true}]}}