{"id":35587,"date":"2018-02-12T11:51:16","date_gmt":"2018-02-12T14:51:16","guid":{"rendered":"http:\/\/www.cordobatimes.com\/deportes\/?p=35587"},"modified":"2018-02-12T11:51:16","modified_gmt":"2018-02-12T14:51:16","slug":"carlos-quintana-tras-la-victoria-ante-banfield-estoy-contento-porque-estoy-jugando-y-me-siento-cada-vez-mejor","status":"publish","type":"post","link":"https:\/\/www.cordobatimes.com\/deportes\/futbol\/2018\/02\/12\/carlos-quintana-tras-la-victoria-ante-banfield-estoy-contento-porque-estoy-jugando-y-me-siento-cada-vez-mejor\/","title":{"rendered":"Carlos Quintana tras la victoria ante Banfield: &#8220;Estoy contento porque estoy jugando y me siento cada vez mejor&#8221;"},"content":{"rendered":"<blockquote>\n<h3><strong>El central de la &#8220;T&#8221;, en el d\u00eda de su cumplea\u00f1os, fue la\u00a0 figura en la victoria 1-0 sobre Banfield.<\/strong><\/h3>\n<\/blockquote>\n<p>Adem\u00e1s, el defensor de 30 a\u00f1os, sostuvo que obtuvieron &#8220;tres puntos fundamentales&#8221; en la lucha por mantenerse en puestos de clasificaci\u00f3n a copas internacionales. &#8220;Creo que en el balance general, el \u00fanico que intent\u00f3 fue Talleres&#8221;, se\u00f1al\u00f3 el zaguero albiazul.<\/p>\n<p>Sobre su regreso al XI titular en los \u00faltimos partidos, Carlos manifest\u00f3: &#8220;La pas\u00e9 mal el tiempo que no estuve jugando&#8221;. &#8220;Nosotros tambi\u00e9n estamos ilusionados porque nos gusta estar ah\u00ed, no es f\u00e1cil estar segundos en el f\u00fatbol argentino&#8221;, respondi\u00f3 cuando le preguntaron sobre la posici\u00f3n de la &#8220;T&#8221; en la tabla de posiciones.<\/p>\n<p><iframe loading=\"lazy\" width=\"696\" height=\"392\" src=\"https:\/\/www.youtube.com\/embed\/Z17IjKwoZ5o?feature=oembed\" frameborder=\"0\" allow=\"autoplay; encrypted-media\" allowfullscreen><\/iframe><\/p>\n<p><strong>Reviv\u00ed el gol de Lucas Olaza para el 1-0 de la &#8220;T&#8221; sobre Banfield:<\/strong><\/p>\n<p><iframe loading=\"lazy\" width=\"696\" height=\"392\" src=\"https:\/\/www.youtube.com\/embed\/3LAwUva5awA?feature=oembed\" frameborder=\"0\" allow=\"autoplay; encrypted-media\" allowfullscreen><\/iframe><\/p>\n<p><strong>Escuch\u00e1 un fragmento de la conferencia de prensa de Frank Dar\u00edo Kudelka:<\/strong><\/p>\n<p><a href=\"http:\/\/www.cordobatimes.com\/deportes\/wp-content\/uploads\/2018\/02\/012_180211_2122V0.mp3\">Kudelka. Talleres 1-0 Banfield<\/a><\/p>\n<p>&nbsp;<\/p>\n","protected":false},"excerpt":{"rendered":"<p>El central de la &#8220;T&#8221;, en el d\u00eda de su cumplea\u00f1os, fue la\u00a0 figura en la victoria 1-0 sobre Banfield. Adem\u00e1s, el defensor de 30 a\u00f1os, sostuvo que obtuvieron &#8220;tres puntos fundamentales&#8221; en la lucha por mantenerse en puestos de clasificaci\u00f3n a copas internacionales. &#8220;Creo que en el balance general, el \u00fanico que intent\u00f3 fue [&hellip;]<\/p>\n","protected":false},"author":26,"featured_media":35589,"comment_status":"closed","ping_status":"closed","sticky":false,"template":"","format":"standard","meta":{"_seopress_robots_primary_cat":"","_seopress_titles_title":"","_seopress_titles_desc":"","_seopress_robots_index":"","footnotes":""},"categories":[2,16],"tags":[358,6421,405,5605,40],"class_list":["post-35587","post","type-post","status-publish","format-standard","has-post-thumbnail","hentry","category-futbol","category-primera-division","tag-banfield","tag-carlos-quintana","tag-fecha-15","tag-superliga","tag-talleres"],"_links":{"self":[{"href":"https:\/\/www.cordobatimes.com\/deportes\/wp-json\/wp\/v2\/posts\/35587","targetHints":{"allow":["GET"]}}],"collection":[{"href":"https:\/\/www.cordobatimes.com\/deportes\/wp-json\/wp\/v2\/posts"}],"about":[{"href":"https:\/\/www.cordobatimes.com\/deportes\/wp-json\/wp\/v2\/types\/post"}],"author":[{"embeddable":true,"href":"https:\/\/www.cordobatimes.com\/deportes\/wp-json\/wp\/v2\/users\/26"}],"replies":[{"embeddable":true,"href":"https:\/\/www.cordobatimes.com\/deportes\/wp-json\/wp\/v2\/comments?post=35587"}],"version-history":[{"count":0,"href":"https:\/\/www.cordobatimes.com\/deportes\/wp-json\/wp\/v2\/posts\/35587\/revisions"}],"wp:featuredmedia":[{"embeddable":true,"href":"https:\/\/www.cordobatimes.com\/deportes\/wp-json\/wp\/v2\/media\/35589"}],"wp:attachment":[{"href":"https:\/\/www.cordobatimes.com\/deportes\/wp-json\/wp\/v2\/media?parent=35587"}],"wp:term":[{"taxonomy":"category","embeddable":true,"href":"https:\/\/www.cordobatimes.com\/deportes\/wp-json\/wp\/v2\/categories?post=35587"},{"taxonomy":"post_tag","embeddable":true,"href":"https:\/\/www.cordobatimes.com\/deportes\/wp-json\/wp\/v2\/tags?post=35587"}],"curies":[{"name":"wp","href":"https:\/\/api.w.org\/{rel}","templated":true}]}}