{"id":35564,"date":"2018-02-11T22:03:01","date_gmt":"2018-02-12T01:03:01","guid":{"rendered":"http:\/\/www.cordobatimes.com\/deportes\/?p=35564"},"modified":"2018-02-11T22:03:01","modified_gmt":"2018-02-12T01:03:01","slug":"gano-y-es-escolta","status":"publish","type":"post","link":"https:\/\/www.cordobatimes.com\/deportes\/futbol\/2018\/02\/11\/gano-y-es-escolta\/","title":{"rendered":"Gan\u00f3 y es escolTa"},"content":{"rendered":"<h3><strong>Talleres derrot\u00f3 1-0 a Banfield y se convirti\u00f3 en el \u00fanico escolta de Boca. Lucas Olaza, de penal, le dio la victoria al equipo de Frank Kudelka.<\/strong><\/h3>\n<p>Con muy poco, la &#8220;T&#8221; derrot\u00f3 a un Banfield alternativo y se acomoda en los puestos de clasificaci\u00f3n a la Copa Libertadores. Si bien el equipo de Barrio Jard\u00edn no jug\u00f3 bien como otros partidos, le alcanz\u00f3 con una jugada aislada que deriv\u00f3 en el penal que el &#8220;Bombardero del Prado&#8221; cambi\u00f3 por gol.<\/p>\n<p><strong>El penal:<\/strong><\/p>\n<blockquote class=\"twitter-tweet\" data-lang=\"es\">\n<p dir=\"ltr\" lang=\"es\"><a href=\"https:\/\/twitter.com\/hashtag\/TNTSports?src=hash&amp;ref_src=twsrc%5Etfw\">#TNTSports<\/a> | Lo reclam\u00f3 Silva, lo cobr\u00f3 Herrera. Penal para Talleres por mano de Bravo. <a href=\"https:\/\/t.co\/p1nJ5VJ2gg\">pic.twitter.com\/p1nJ5VJ2gg<\/a><\/p>\n<p>\u2014 TNT Sports LA (@TNTSportsLA) <a href=\"https:\/\/twitter.com\/TNTSportsLA\/status\/962786087637831687?ref_src=twsrc%5Etfw\">11 de febrero de 2018<\/a><\/p><\/blockquote>\n<p><script async src=\"https:\/\/platform.twitter.com\/widgets.js\" charset=\"utf-8\"><\/script><\/p>\n<p><strong>El gol de Lucas Olaza:<\/strong><\/p>\n<blockquote class=\"twitter-tweet\" data-lang=\"es\">\n<p dir=\"ltr\" lang=\"es\"><a href=\"https:\/\/twitter.com\/hashtag\/TNTSports?src=hash&amp;ref_src=twsrc%5Etfw\">#TNTSports<\/a> | Lucas Olaza se encarg\u00f3 del penal y lo hizo con sutileza: lindo gol para el 1-0 de <a href=\"https:\/\/twitter.com\/hashtag\/Talleres?src=hash&amp;ref_src=twsrc%5Etfw\">#Talleres<\/a>. \u00a1Mir\u00e1! <a href=\"https:\/\/t.co\/yB0chltNzJ\">pic.twitter.com\/yB0chltNzJ<\/a><\/p>\n<p>\u2014 TNT Sports LA (@TNTSportsLA) <a href=\"https:\/\/twitter.com\/TNTSportsLA\/status\/962785385389707265?ref_src=twsrc%5Etfw\">11 de febrero de 2018<\/a><\/p><\/blockquote>\n<p><script async src=\"https:\/\/platform.twitter.com\/widgets.js\" charset=\"utf-8\"><\/script><\/p>\n<p>En Talleres no aparecieron las conexiones a las que estaba acostumbrado el hincha de la &#8220;T&#8221;. Mauro Ort\u00edz fue de mayor a menor, siendo el m\u00e1s desequilibrante en el primer tiempo pero se desinfl\u00f3 en la segunda parte. Olaza, a pesar del gol, no fue el lateral que acostumbr\u00f3 ser. Juan Ram\u00edrez no fue determinante con su velocidad y verticalidad.<\/p>\n<p>Carlos Quintana fue quien m\u00e1s se destac\u00f3 en el equipo local. El central albiazul estuvo muy seguro en el juego a\u00e9reo y muy atento cuando se requer\u00eda su intervenci\u00f3n. Santiago Silva, a pesar de no tener ninguna situaci\u00f3n clara de gol, termin\u00f3 realizando una buena actuaci\u00f3n. El delantero uruguayo, retrocedi\u00f3 para tomar contacto con la pelota y pivote\u00f3 para asistir a los extremos.<\/p>\n<figure id=\"attachment_35575\" aria-describedby=\"caption-attachment-35575\" style=\"width: 1200px\" class=\"wp-caption alignnone\"><img loading=\"lazy\" decoding=\"async\" class=\"wp-image-35575 size-full\" src=\"http:\/\/www.cordobatimes.com\/deportes\/wp-content\/uploads\/2018\/02\/Olaza-2.jpeg\" alt=\"\" width=\"1200\" height=\"718\" srcset=\"https:\/\/www.cordobatimes.com\/deportes\/wp-content\/uploads\/2018\/02\/Olaza-2.jpeg 1200w, https:\/\/www.cordobatimes.com\/deportes\/wp-content\/uploads\/2018\/02\/Olaza-2-300x180.jpeg 300w, https:\/\/www.cordobatimes.com\/deportes\/wp-content\/uploads\/2018\/02\/Olaza-2-768x460.jpeg 768w, https:\/\/www.cordobatimes.com\/deportes\/wp-content\/uploads\/2018\/02\/Olaza-2-1024x613.jpeg 1024w, https:\/\/www.cordobatimes.com\/deportes\/wp-content\/uploads\/2018\/02\/Olaza-2-696x416.jpeg 696w, https:\/\/www.cordobatimes.com\/deportes\/wp-content\/uploads\/2018\/02\/Olaza-2-1068x639.jpeg 1068w, https:\/\/www.cordobatimes.com\/deportes\/wp-content\/uploads\/2018\/02\/Olaza-2-702x420.jpeg 702w\" sizes=\"auto, (max-width: 1200px) 100vw, 1200px\" \/><figcaption id=\"caption-attachment-35575\" class=\"wp-caption-text\">Foto: Twitter @CATalleresdecba<\/figcaption><\/figure>\n<p>Talleres jug\u00f3 mal pero si quiere mantenerse en puestos de copas internacionales deber\u00e1 ganar como sea. Adapt\u00e1ndose al planteo de su rival. Al terreno de juego. A las adversidades del momento. La gente se ilusiona con un equipo que puede hacerle frente a cualquier equipo. La realidad lo ubica segundo en la tabla de posiciones, con una racha de 4 victorias consecutivas y sin recibir goles.<\/p>\n<p><strong>El resumen del partido:<\/strong><\/p>\n<p><iframe loading=\"lazy\" width=\"696\" height=\"392\" src=\"https:\/\/www.youtube.com\/embed\/txHP2aMiQsw?feature=oembed\" frameborder=\"0\" allow=\"autoplay; encrypted-media\" allowfullscreen><\/iframe><\/p>\n","protected":false},"excerpt":{"rendered":"<p>Talleres derrot\u00f3 1-0 a Banfield y se convirti\u00f3 en el \u00fanico escolta de Boca. Lucas Olaza, de penal, le dio la victoria al equipo de Frank Kudelka. Con muy poco, la &#8220;T&#8221; derrot\u00f3 a un Banfield alternativo y se acomoda en los puestos de clasificaci\u00f3n a la Copa Libertadores. Si bien el equipo de Barrio [&hellip;]<\/p>\n","protected":false},"author":26,"featured_media":35580,"comment_status":"closed","ping_status":"closed","sticky":false,"template":"","format":"standard","meta":{"_seopress_robots_primary_cat":"","_seopress_titles_title":"","_seopress_titles_desc":"","_seopress_robots_index":"","footnotes":""},"categories":[2,16],"tags":[6329,358,6421,169,6390,94,5975,2753,5605,40],"class_list":["post-35564","post","type-post","status-publish","format-standard","has-post-thumbnail","hentry","category-futbol","category-primera-division","tag-6329","tag-banfield","tag-carlos-quintana","tag-cordoba","tag-frank-kudelka","tag-futbol-argentino","tag-lucas-olaza","tag-santiago-silva","tag-superliga","tag-talleres"],"_links":{"self":[{"href":"https:\/\/www.cordobatimes.com\/deportes\/wp-json\/wp\/v2\/posts\/35564","targetHints":{"allow":["GET"]}}],"collection":[{"href":"https:\/\/www.cordobatimes.com\/deportes\/wp-json\/wp\/v2\/posts"}],"about":[{"href":"https:\/\/www.cordobatimes.com\/deportes\/wp-json\/wp\/v2\/types\/post"}],"author":[{"embeddable":true,"href":"https:\/\/www.cordobatimes.com\/deportes\/wp-json\/wp\/v2\/users\/26"}],"replies":[{"embeddable":true,"href":"https:\/\/www.cordobatimes.com\/deportes\/wp-json\/wp\/v2\/comments?post=35564"}],"version-history":[{"count":0,"href":"https:\/\/www.cordobatimes.com\/deportes\/wp-json\/wp\/v2\/posts\/35564\/revisions"}],"wp:featuredmedia":[{"embeddable":true,"href":"https:\/\/www.cordobatimes.com\/deportes\/wp-json\/wp\/v2\/media\/35580"}],"wp:attachment":[{"href":"https:\/\/www.cordobatimes.com\/deportes\/wp-json\/wp\/v2\/media?parent=35564"}],"wp:term":[{"taxonomy":"category","embeddable":true,"href":"https:\/\/www.cordobatimes.com\/deportes\/wp-json\/wp\/v2\/categories?post=35564"},{"taxonomy":"post_tag","embeddable":true,"href":"https:\/\/www.cordobatimes.com\/deportes\/wp-json\/wp\/v2\/tags?post=35564"}],"curies":[{"name":"wp","href":"https:\/\/api.w.org\/{rel}","templated":true}]}}