{"id":35544,"date":"2018-02-11T00:11:25","date_gmt":"2018-02-11T03:11:25","guid":{"rendered":"http:\/\/www.cordobatimes.com\/deportes\/?p=35544"},"modified":"2018-02-11T00:11:25","modified_gmt":"2018-02-11T03:11:25","slug":"debut-con-victoria","status":"publish","type":"post","link":"https:\/\/www.cordobatimes.com\/deportes\/futbol\/2018\/02\/11\/debut-con-victoria\/","title":{"rendered":"Debut con vicToria"},"content":{"rendered":"<h3><strong>Con un triplete de Nahuel\u00a0 Bustos, Talleres derrot\u00f3 3-0 a Atl\u00e9tico Venezuela por la\u00a0 primer fecha del grupo &#8220;A&#8221; de la Copa Libertadores Sub 20.<\/strong><\/h3>\n<p>La &#8220;T&#8221; arranc\u00f3 con el pie derecho el certamen internacional gracias a la excelente actuaci\u00f3n del delantero albiazul Nahuel Bustos, quien se destac\u00f3 con un hat trick.<\/p>\n<figure id=\"attachment_35545\" aria-describedby=\"caption-attachment-35545\" style=\"width: 1024px\" class=\"wp-caption alignnone\"><img loading=\"lazy\" decoding=\"async\" class=\"wp-image-35545 size-full\" src=\"http:\/\/www.cordobatimes.com\/deportes\/wp-content\/uploads\/2018\/02\/tallers-sub-20.jpg\" alt=\"\" width=\"1024\" height=\"754\" srcset=\"https:\/\/www.cordobatimes.com\/deportes\/wp-content\/uploads\/2018\/02\/tallers-sub-20.jpg 1024w, https:\/\/www.cordobatimes.com\/deportes\/wp-content\/uploads\/2018\/02\/tallers-sub-20-300x221.jpg 300w, https:\/\/www.cordobatimes.com\/deportes\/wp-content\/uploads\/2018\/02\/tallers-sub-20-768x566.jpg 768w, https:\/\/www.cordobatimes.com\/deportes\/wp-content\/uploads\/2018\/02\/tallers-sub-20-80x60.jpg 80w, https:\/\/www.cordobatimes.com\/deportes\/wp-content\/uploads\/2018\/02\/tallers-sub-20-696x512.jpg 696w, https:\/\/www.cordobatimes.com\/deportes\/wp-content\/uploads\/2018\/02\/tallers-sub-20-570x420.jpg 570w\" sizes=\"auto, (max-width: 1024px) 100vw, 1024px\" \/><figcaption id=\"caption-attachment-35545\" class=\"wp-caption-text\">El capit\u00e1n de la &#8220;T&#8221; fue Carlos Villalba\/\/ Foto: Twitter @CATalleresdecba<\/figcaption><\/figure>\n<p>El primer gol del partido lleg\u00f3 antes del cuarto de hora. Nahuel Bustos ejecut\u00f3 un preciso tiro libre que super\u00f3 al arquero Jes\u00fas Brice\u00f1o. Al comenzar el segundo cap\u00edtulo, nuevamente Nahuel Bustos se anot\u00f3 en el marcador tras un remate desde los 12 pasos. El tercero, lleg\u00f3 a los 17 del segundo tiempo.<\/p>\n<figure id=\"attachment_35546\" aria-describedby=\"caption-attachment-35546\" style=\"width: 1200px\" class=\"wp-caption alignnone\"><img loading=\"lazy\" decoding=\"async\" class=\"wp-image-35546 size-full\" src=\"http:\/\/www.cordobatimes.com\/deportes\/wp-content\/uploads\/2018\/02\/penal-bustos.jpg\" alt=\"\" width=\"1200\" height=\"646\" srcset=\"https:\/\/www.cordobatimes.com\/deportes\/wp-content\/uploads\/2018\/02\/penal-bustos.jpg 1200w, https:\/\/www.cordobatimes.com\/deportes\/wp-content\/uploads\/2018\/02\/penal-bustos-300x162.jpg 300w, https:\/\/www.cordobatimes.com\/deportes\/wp-content\/uploads\/2018\/02\/penal-bustos-768x413.jpg 768w, https:\/\/www.cordobatimes.com\/deportes\/wp-content\/uploads\/2018\/02\/penal-bustos-1024x551.jpg 1024w, https:\/\/www.cordobatimes.com\/deportes\/wp-content\/uploads\/2018\/02\/penal-bustos-696x375.jpg 696w, https:\/\/www.cordobatimes.com\/deportes\/wp-content\/uploads\/2018\/02\/penal-bustos-1068x575.jpg 1068w, https:\/\/www.cordobatimes.com\/deportes\/wp-content\/uploads\/2018\/02\/penal-bustos-780x420.jpg 780w\" sizes=\"auto, (max-width: 1200px) 100vw, 1200px\" \/><figcaption id=\"caption-attachment-35546\" class=\"wp-caption-text\">El gol de penal de Bustos para el 2-0 \/\/ Foto: Twitter @CATalleresdecba<\/figcaption><\/figure>\n<p>El pr\u00f3ximo partido ser\u00e1 el martes a las 18:45 hs, cuando los dirigidos por Egidio Acu\u00f1a se midan ante Club Quebracho de Bolivia por la segunda fecha del grupo &#8220;A&#8221;.<\/p>\n<p><img loading=\"lazy\" decoding=\"async\" class=\"alignnone wp-image-35550 size-full\" src=\"http:\/\/www.cordobatimes.com\/deportes\/wp-content\/uploads\/2018\/02\/tallerres-sub-2-1.jpg\" alt=\"\" width=\"1024\" height=\"768\" srcset=\"https:\/\/www.cordobatimes.com\/deportes\/wp-content\/uploads\/2018\/02\/tallerres-sub-2-1.jpg 1024w, https:\/\/www.cordobatimes.com\/deportes\/wp-content\/uploads\/2018\/02\/tallerres-sub-2-1-300x225.jpg 300w, https:\/\/www.cordobatimes.com\/deportes\/wp-content\/uploads\/2018\/02\/tallerres-sub-2-1-768x576.jpg 768w, https:\/\/www.cordobatimes.com\/deportes\/wp-content\/uploads\/2018\/02\/tallerres-sub-2-1-80x60.jpg 80w, https:\/\/www.cordobatimes.com\/deportes\/wp-content\/uploads\/2018\/02\/tallerres-sub-2-1-265x198.jpg 265w, https:\/\/www.cordobatimes.com\/deportes\/wp-content\/uploads\/2018\/02\/tallerres-sub-2-1-696x522.jpg 696w, https:\/\/www.cordobatimes.com\/deportes\/wp-content\/uploads\/2018\/02\/tallerres-sub-2-1-560x420.jpg 560w\" sizes=\"auto, (max-width: 1024px) 100vw, 1024px\" \/><\/p>\n<p><strong>As\u00ed form\u00f3 la &#8220;T&#8221;:<\/strong><\/p>\n<figure id=\"attachment_35551\" aria-describedby=\"caption-attachment-35551\" style=\"width: 1389px\" class=\"wp-caption alignnone\"><img loading=\"lazy\" decoding=\"async\" class=\"wp-image-35551 size-full\" src=\"http:\/\/www.cordobatimes.com\/deportes\/wp-content\/uploads\/2018\/02\/FORMACION-CAT-SUB20.jpg\" alt=\"\" width=\"1389\" height=\"2048\" srcset=\"https:\/\/www.cordobatimes.com\/deportes\/wp-content\/uploads\/2018\/02\/FORMACION-CAT-SUB20.jpg 1389w, https:\/\/www.cordobatimes.com\/deportes\/wp-content\/uploads\/2018\/02\/FORMACION-CAT-SUB20-204x300.jpg 204w, https:\/\/www.cordobatimes.com\/deportes\/wp-content\/uploads\/2018\/02\/FORMACION-CAT-SUB20-768x1132.jpg 768w, https:\/\/www.cordobatimes.com\/deportes\/wp-content\/uploads\/2018\/02\/FORMACION-CAT-SUB20-695x1024.jpg 695w, https:\/\/www.cordobatimes.com\/deportes\/wp-content\/uploads\/2018\/02\/FORMACION-CAT-SUB20-696x1026.jpg 696w, https:\/\/www.cordobatimes.com\/deportes\/wp-content\/uploads\/2018\/02\/FORMACION-CAT-SUB20-1068x1574.jpg 1068w, https:\/\/www.cordobatimes.com\/deportes\/wp-content\/uploads\/2018\/02\/FORMACION-CAT-SUB20-285x420.jpg 285w\" sizes=\"auto, (max-width: 1389px) 100vw, 1389px\" \/><figcaption id=\"caption-attachment-35551\" class=\"wp-caption-text\">Foto: Twitter @CATalleresdecba<\/figcaption><\/figure>\n<p>&nbsp;<\/p>\n","protected":false},"excerpt":{"rendered":"<p>Con un triplete de Nahuel\u00a0 Bustos, Talleres derrot\u00f3 3-0 a Atl\u00e9tico Venezuela por la\u00a0 primer fecha del grupo &#8220;A&#8221; de la Copa Libertadores Sub 20. La &#8220;T&#8221; arranc\u00f3 con el pie derecho el certamen internacional gracias a la excelente actuaci\u00f3n del delantero albiazul Nahuel Bustos, quien se destac\u00f3 con un hat trick. El primer gol [&hellip;]<\/p>\n","protected":false},"author":26,"featured_media":35547,"comment_status":"closed","ping_status":"closed","sticky":false,"template":"","format":"standard","meta":{"_seopress_robots_primary_cat":"","_seopress_titles_title":"","_seopress_titles_desc":"","_seopress_robots_index":"","footnotes":""},"categories":[2,16],"tags":[731,6387,64,1242,6013,6416,316],"class_list":["post-35544","post","type-post","status-publish","format-standard","has-post-thumbnail","hentry","category-futbol","category-primera-division","tag-centenario","tag-copa-libertadores-sub-20","tag-futbol-2","tag-montevideo","tag-nahuel-bustos","tag-talleres-3-altletico-venezuela-0","tag-uruguay"],"_links":{"self":[{"href":"https:\/\/www.cordobatimes.com\/deportes\/wp-json\/wp\/v2\/posts\/35544","targetHints":{"allow":["GET"]}}],"collection":[{"href":"https:\/\/www.cordobatimes.com\/deportes\/wp-json\/wp\/v2\/posts"}],"about":[{"href":"https:\/\/www.cordobatimes.com\/deportes\/wp-json\/wp\/v2\/types\/post"}],"author":[{"embeddable":true,"href":"https:\/\/www.cordobatimes.com\/deportes\/wp-json\/wp\/v2\/users\/26"}],"replies":[{"embeddable":true,"href":"https:\/\/www.cordobatimes.com\/deportes\/wp-json\/wp\/v2\/comments?post=35544"}],"version-history":[{"count":0,"href":"https:\/\/www.cordobatimes.com\/deportes\/wp-json\/wp\/v2\/posts\/35544\/revisions"}],"wp:featuredmedia":[{"embeddable":true,"href":"https:\/\/www.cordobatimes.com\/deportes\/wp-json\/wp\/v2\/media\/35547"}],"wp:attachment":[{"href":"https:\/\/www.cordobatimes.com\/deportes\/wp-json\/wp\/v2\/media?parent=35544"}],"wp:term":[{"taxonomy":"category","embeddable":true,"href":"https:\/\/www.cordobatimes.com\/deportes\/wp-json\/wp\/v2\/categories?post=35544"},{"taxonomy":"post_tag","embeddable":true,"href":"https:\/\/www.cordobatimes.com\/deportes\/wp-json\/wp\/v2\/tags?post=35544"}],"curies":[{"name":"wp","href":"https:\/\/api.w.org\/{rel}","templated":true}]}}