{"id":35461,"date":"2018-02-01T20:04:46","date_gmt":"2018-02-01T23:04:46","guid":{"rendered":"http:\/\/www.cordobatimes.com\/deportes\/?p=35461"},"modified":"2018-02-01T20:04:46","modified_gmt":"2018-02-01T23:04:46","slug":"barcelona-no-afloja-saco-ventaja-ante-valencia","status":"publish","type":"post","link":"https:\/\/www.cordobatimes.com\/deportes\/futbol\/2018\/02\/01\/barcelona-no-afloja-saco-ventaja-ante-valencia\/","title":{"rendered":"Barcelona no afloja y sac\u00f3 ventaja ante Valencia"},"content":{"rendered":"<h3><strong>El equipo de Messi se impuso 1-0 en el partido de ida en las semifinales de la Copa del Rey de Espa\u00f1a. Luis Su\u00e1rez, marc\u00f3 el gol catal\u00e1n.<\/strong><\/h3>\n<p>El elenco &#8220;Cul\u00e9&#8221; venci\u00f3 1-0 al Valencia y logr\u00f3 una m\u00ednima ventaja en el partido de ida de la semifinal de la Copa del Rey disputado en el Camp Nou.<\/p>\n<p>A los 21 minutos del segundo tiempo, Luis Su\u00e1rez marc\u00f3 el gol de los catalanes, tras la jugada y centro de Messi.<\/p>\n<p><iframe loading=\"lazy\" src=\"https:\/\/www.youtube.com\/embed\/M8EOHgRED9Q\" width=\"350\" height=\"350\" frameborder=\"0\" allowfullscreen=\"allowfullscreen\"><span data-mce-type=\"bookmark\" style=\"display: inline-block; width: 0px; overflow: hidden; line-height: 0;\" class=\"mce_SELRES_start\">\ufeff<\/span><\/iframe><\/p>\n<p>El equipo azulgrana domin\u00f3 el encuentro encerr\u00f3 al Valencia en su \u00e1rea, que se defendi\u00f3 sin apenas fisuras evitando que su rival generara ocasiones de peligro claras en el arco defendido por Jaume Dom\u00e8nech. De todas maneras, el Valencia cont\u00f3 con chances para emparejar y en la vuelta, de local, buscar\u00e1 vencer al Barcelona.<\/p>\n<p>El equipo de Messi l\u00eddera con comodidad la Liga Espa\u00f1ola, est\u00e1 a un partido de alcanzar la final de la Copa del Rey, y se encuentra en los octavos de final de la Champions (se medir\u00e1 ante el Chelsea).<\/p>\n<p><strong>Fuente: Mundo D<\/strong><\/p>\n","protected":false},"excerpt":{"rendered":"<p>El equipo de Messi se impuso 1-0 en el partido de ida en las semifinales de la Copa del Rey de Espa\u00f1a. Luis Su\u00e1rez, marc\u00f3 el gol catal\u00e1n. El elenco &#8220;Cul\u00e9&#8221; venci\u00f3 1-0 al Valencia y logr\u00f3 una m\u00ednima ventaja en el partido de ida de la semifinal de la Copa del Rey disputado en [&hellip;]<\/p>\n","protected":false},"author":27,"featured_media":35462,"comment_status":"closed","ping_status":"closed","sticky":false,"template":"","format":"standard","meta":{"_seopress_robots_primary_cat":"","_seopress_titles_title":"","_seopress_titles_desc":"","_seopress_robots_index":"","footnotes":""},"categories":[2,18],"tags":[67,973,64,2740,498],"class_list":{"0":"post-35461","1":"post","2":"type-post","3":"status-publish","4":"format-standard","5":"has-post-thumbnail","6":"hentry","7":"category-futbol","8":"category-futbol-internacional","9":"tag-barcelona","10":"tag-copa-del-rey","11":"tag-futbol-2","13":"tag-futbol-internacional-2"},"_links":{"self":[{"href":"https:\/\/www.cordobatimes.com\/deportes\/wp-json\/wp\/v2\/posts\/35461","targetHints":{"allow":["GET"]}}],"collection":[{"href":"https:\/\/www.cordobatimes.com\/deportes\/wp-json\/wp\/v2\/posts"}],"about":[{"href":"https:\/\/www.cordobatimes.com\/deportes\/wp-json\/wp\/v2\/types\/post"}],"author":[{"embeddable":true,"href":"https:\/\/www.cordobatimes.com\/deportes\/wp-json\/wp\/v2\/users\/27"}],"replies":[{"embeddable":true,"href":"https:\/\/www.cordobatimes.com\/deportes\/wp-json\/wp\/v2\/comments?post=35461"}],"version-history":[{"count":0,"href":"https:\/\/www.cordobatimes.com\/deportes\/wp-json\/wp\/v2\/posts\/35461\/revisions"}],"wp:featuredmedia":[{"embeddable":true,"href":"https:\/\/www.cordobatimes.com\/deportes\/wp-json\/wp\/v2\/media\/35462"}],"wp:attachment":[{"href":"https:\/\/www.cordobatimes.com\/deportes\/wp-json\/wp\/v2\/media?parent=35461"}],"wp:term":[{"taxonomy":"category","embeddable":true,"href":"https:\/\/www.cordobatimes.com\/deportes\/wp-json\/wp\/v2\/categories?post=35461"},{"taxonomy":"post_tag","embeddable":true,"href":"https:\/\/www.cordobatimes.com\/deportes\/wp-json\/wp\/v2\/tags?post=35461"}],"curies":[{"name":"wp","href":"https:\/\/api.w.org\/{rel}","templated":true}]}}