{"id":35340,"date":"2018-01-27T20:47:51","date_gmt":"2018-01-27T23:47:51","guid":{"rendered":"http:\/\/www.cordobatimes.com\/deportes\/?p=35340"},"modified":"2018-01-27T20:47:51","modified_gmt":"2018-01-27T23:47:51","slug":"fixture-talleres-la-libertadores-sub-20","status":"publish","type":"post","link":"https:\/\/www.cordobatimes.com\/deportes\/futbol\/2018\/01\/27\/fixture-talleres-la-libertadores-sub-20\/","title":{"rendered":"El fixture de Talleres para la Libertadores Sub 20"},"content":{"rendered":"<h3><strong>El certamen arranca el 10 de febrero y la final se jugar\u00e1 el 24 del mismo mes. Talleres debutar\u00e1 frente a Atl\u00e9tico Venezuela.<\/strong><\/h3>\n<p>Cada vez falta menos para un hecho hist\u00f3rico para el f\u00fatbol del interior del pa\u00eds. Talleres participar\u00e1 de la Copa Libertadores Sub 20 tras haberse consagrado el a\u00f1o pasado en la 4\u00b0 divisi\u00f3n de AFA. Ser\u00e1 el primer club, que no es de Buenos Aires, en jugar dicha competencia. El &#8220;Albiazul&#8221; es parte del grupo &#8220;A&#8221;.<\/p>\n<p><img loading=\"lazy\" decoding=\"async\" class=\"alignnone wp-image-35343 size-full\" src=\"http:\/\/www.cordobatimes.com\/deportes\/wp-content\/uploads\/2018\/01\/libertadores-sub-20-1.jpg\" alt=\"\" width=\"700\" height=\"400\" srcset=\"https:\/\/www.cordobatimes.com\/deportes\/wp-content\/uploads\/2018\/01\/libertadores-sub-20-1.jpg 700w, https:\/\/www.cordobatimes.com\/deportes\/wp-content\/uploads\/2018\/01\/libertadores-sub-20-1-300x171.jpg 300w, https:\/\/www.cordobatimes.com\/deportes\/wp-content\/uploads\/2018\/01\/libertadores-sub-20-1-696x398.jpg 696w\" sizes=\"auto, (max-width: 700px) 100vw, 700px\" \/><\/p>\n<p>El equipo de Egidio Acu\u00f1a debutar\u00e1 el s\u00e1bado 10 de febrero cuando se enfrente a Atl\u00e9tico Venezuela de Caracas, Venezuela, desde las 18:45 hs. Luego, saltar\u00e1 al terreno de juego el martes 13 de febrero cuando se mida frente a Quebracho de Bolivia desde las 18:45 hs. El viernes 16 de febrero la &#8220;T&#8221; jugar\u00e1 el \u00faltimo partido de la fase de grupos cuando est\u00e9 cara\u00a0 a cara frente al San Pablo de Brasil, \u00faltimo campe\u00f3n de la competici\u00f3n, desde las 16:30 hs.<\/p>\n<p>Las semifinales del campeonato se disputar\u00e1n el mi\u00e9rcoles 21 de febrero. En primer turno, a las 16:30 hs, se medir\u00e1 quien termine primero en el grupo &#8220;A&#8221; frente al primero del grupo &#8220;C&#8221;. Posteriormente jugar\u00e1n desde las 18:45 hs, el primero del grupo &#8220;B&#8221; contra el mejor segundo.<\/p>\n<p>Los partidos definitorios se jugar\u00e1n el s\u00e1bado 24 de febrero. El partido de 3\u00b0 y 4\u00b0 puesto se jugar\u00e1 desde las 16:30 hs. Mientras que la final se disputar\u00e1 desde las 18:45 hs. Cabe destacar que todos los encuentros del torneo se disputar\u00e1n en el estadio Centenario de Montevideo, Uruguay.<\/p>\n<p><strong>Mir\u00e1 la pelota que se utilizar\u00e1 en el certamen:<\/strong><\/p>\n<blockquote class=\"twitter-tweet\" data-lang=\"es\">\n<p dir=\"ltr\" lang=\"es\">\u26bd\ufe0f La pelota oficial que se utilizar\u00e1 en la <a href=\"https:\/\/twitter.com\/LibertadoresUy?ref_src=twsrc%5Etfw\">@LibertadoresUy<\/a> Sub 20. <a href=\"https:\/\/t.co\/EVynpM6Ogp\">pic.twitter.com\/EVynpM6Ogp<\/a><\/p>\n<p>\u2014 Talleres (@CATalleresdecba) <a href=\"https:\/\/twitter.com\/CATalleresdecba\/status\/957327599025446915?ref_src=twsrc%5Etfw\">27 de enero de 2018<\/a><\/p><\/blockquote>\n<p><script async src=\"https:\/\/platform.twitter.com\/widgets.js\" charset=\"utf-8\"><\/script><br \/>\n<strong>Estos son los jugadores de la &#8220;T&#8221; que viajar\u00e1n a Uruguay:<\/strong><\/p>\n<blockquote class=\"twitter-tweet\" data-lang=\"es\">\n<p dir=\"ltr\" lang=\"es\">Los convocados de <a href=\"https:\/\/twitter.com\/hashtag\/Talleres?src=hash&amp;ref_src=twsrc%5Etfw\">#Talleres<\/a> para viajar a Uruguay y representar a la Argentina en la Copa <a href=\"https:\/\/twitter.com\/LibertadoresUy?ref_src=twsrc%5Etfw\">@LibertadoresUy<\/a> Sub 20. <a href=\"https:\/\/t.co\/PT0VhppeAY\">pic.twitter.com\/PT0VhppeAY<\/a><\/p>\n<p>\u2014 Talleres (@CATalleresdecba) <a href=\"https:\/\/twitter.com\/CATalleresdecba\/status\/957317531965972480?ref_src=twsrc%5Etfw\">27 de enero de 2018<\/a><\/p><\/blockquote>\n<p><script async src=\"https:\/\/platform.twitter.com\/widgets.js\" charset=\"utf-8\"><\/script><\/p>\n","protected":false},"excerpt":{"rendered":"<p>El certamen arranca el 10 de febrero y la final se jugar\u00e1 el 24 del mismo mes. Talleres debutar\u00e1 frente a Atl\u00e9tico Venezuela. Cada vez falta menos para un hecho hist\u00f3rico para el f\u00fatbol del interior del pa\u00eds. Talleres participar\u00e1 de la Copa Libertadores Sub 20 tras haberse consagrado el a\u00f1o pasado en la 4\u00b0 [&hellip;]<\/p>\n","protected":false},"author":26,"featured_media":35342,"comment_status":"closed","ping_status":"closed","sticky":false,"template":"","format":"standard","meta":{"_seopress_robots_primary_cat":"","_seopress_titles_title":"","_seopress_titles_desc":"","_seopress_robots_index":"","footnotes":""},"categories":[2,16],"tags":[6387,64,40,316],"class_list":["post-35340","post","type-post","status-publish","format-standard","has-post-thumbnail","hentry","category-futbol","category-primera-division","tag-copa-libertadores-sub-20","tag-futbol-2","tag-talleres","tag-uruguay"],"_links":{"self":[{"href":"https:\/\/www.cordobatimes.com\/deportes\/wp-json\/wp\/v2\/posts\/35340","targetHints":{"allow":["GET"]}}],"collection":[{"href":"https:\/\/www.cordobatimes.com\/deportes\/wp-json\/wp\/v2\/posts"}],"about":[{"href":"https:\/\/www.cordobatimes.com\/deportes\/wp-json\/wp\/v2\/types\/post"}],"author":[{"embeddable":true,"href":"https:\/\/www.cordobatimes.com\/deportes\/wp-json\/wp\/v2\/users\/26"}],"replies":[{"embeddable":true,"href":"https:\/\/www.cordobatimes.com\/deportes\/wp-json\/wp\/v2\/comments?post=35340"}],"version-history":[{"count":0,"href":"https:\/\/www.cordobatimes.com\/deportes\/wp-json\/wp\/v2\/posts\/35340\/revisions"}],"wp:featuredmedia":[{"embeddable":true,"href":"https:\/\/www.cordobatimes.com\/deportes\/wp-json\/wp\/v2\/media\/35342"}],"wp:attachment":[{"href":"https:\/\/www.cordobatimes.com\/deportes\/wp-json\/wp\/v2\/media?parent=35340"}],"wp:term":[{"taxonomy":"category","embeddable":true,"href":"https:\/\/www.cordobatimes.com\/deportes\/wp-json\/wp\/v2\/categories?post=35340"},{"taxonomy":"post_tag","embeddable":true,"href":"https:\/\/www.cordobatimes.com\/deportes\/wp-json\/wp\/v2\/tags?post=35340"}],"curies":[{"name":"wp","href":"https:\/\/api.w.org\/{rel}","templated":true}]}}