{"id":35310,"date":"2018-01-26T23:41:33","date_gmt":"2018-01-27T02:41:33","guid":{"rendered":"http:\/\/www.cordobatimes.com\/deportes\/?p=35310"},"modified":"2018-01-26T23:41:33","modified_gmt":"2018-01-27T02:41:33","slug":"tanque-albiazul","status":"publish","type":"post","link":"https:\/\/www.cordobatimes.com\/deportes\/futbol\/2018\/01\/26\/tanque-albiazul\/","title":{"rendered":"&#8220;Tanque&#8221; albiazul"},"content":{"rendered":"<h3><strong>El experimentado delantero fue anunciado hoy como nuevo refuerzo de la &#8220;T&#8221;. Firm\u00f3 hasta diciembre de 2018.<\/strong><\/h3>\n<p>Como anunciamos ayer desde\u00a0<strong>C\u00f3rdoba Times,\u00a0<\/strong>este viernes fue anunciado como nuevo refuerzo Santiago Silva. El delantero de 37 a\u00f1os firm\u00f3 por un a\u00f1o y ya se encuentra en el Hotel Neper, donde se encuentra la delegaci\u00f3n encabezada por Frank Kudelka.<\/p>\n<figure id=\"attachment_35311\" aria-describedby=\"caption-attachment-35311\" style=\"width: 568px\" class=\"wp-caption alignnone\"><img loading=\"lazy\" decoding=\"async\" class=\"wp-image-35311 size-full\" src=\"http:\/\/www.cordobatimes.com\/deportes\/wp-content\/uploads\/2018\/01\/silva.jpg\" alt=\"\" width=\"568\" height=\"324\" srcset=\"https:\/\/www.cordobatimes.com\/deportes\/wp-content\/uploads\/2018\/01\/silva.jpg 568w, https:\/\/www.cordobatimes.com\/deportes\/wp-content\/uploads\/2018\/01\/silva-300x171.jpg 300w\" sizes=\"auto, (max-width: 568px) 100vw, 568px\" \/><figcaption id=\"caption-attachment-35311\" class=\"wp-caption-text\">Foto: @a_la_cancha<\/figcaption><\/figure>\n<p>Santiago Mart\u00edn Silva Oliveira debut\u00f3 en Central Espa\u00f1ol de Uruguay y registra un extenso historial de clubes entre los que se destaca\u00a0Corinthians de Brasil, Boca Juniors o Nacional de Uruguay. En la \u00faltima temporada visti\u00f3 la camiseta de la Universidad Cat\u00f3lica de Chile marcando seis goles en 32 partidos.<\/p>\n<p><iframe loading=\"lazy\" width=\"696\" height=\"392\" src=\"https:\/\/www.youtube.com\/embed\/FMgnulk5LCk?feature=oembed\" frameborder=\"0\" allow=\"autoplay; encrypted-media\" allowfullscreen><\/iframe><\/p>\n<blockquote class=\"twitter-tweet\" data-lang=\"es\">\n<p dir=\"ltr\" lang=\"es\">Santiago Silva es refuerzo de <a href=\"https:\/\/twitter.com\/hashtag\/Talleres?src=hash&amp;ref_src=twsrc%5Etfw\">#Talleres<\/a> para la <a href=\"https:\/\/twitter.com\/hashtag\/Superliga?src=hash&amp;ref_src=twsrc%5Etfw\">#Superliga<\/a> \u00a1<a href=\"https:\/\/twitter.com\/hashtag\/BienvenidoTanque?src=hash&amp;ref_src=twsrc%5Etfw\">#BienvenidoTanque<\/a>! \u2192 <a href=\"https:\/\/t.co\/HzVggZhA6R\">https:\/\/t.co\/HzVggZhA6R<\/a> <a href=\"https:\/\/t.co\/CjZPadEPYc\">pic.twitter.com\/CjZPadEPYc<\/a><\/p>\n<p>\u2014 Talleres (@CATalleresdecba) <a href=\"https:\/\/twitter.com\/CATalleresdecba\/status\/956891483281547264?ref_src=twsrc%5Etfw\">26 de enero de 2018<\/a><\/p><\/blockquote>\n<p><script async src=\"https:\/\/platform.twitter.com\/widgets.js\" charset=\"utf-8\"><\/script><\/p>\n","protected":false},"excerpt":{"rendered":"<p>El experimentado delantero fue anunciado hoy como nuevo refuerzo de la &#8220;T&#8221;. Firm\u00f3 hasta diciembre de 2018. Como anunciamos ayer desde\u00a0C\u00f3rdoba Times,\u00a0este viernes fue anunciado como nuevo refuerzo Santiago Silva. El delantero de 37 a\u00f1os firm\u00f3 por un a\u00f1o y ya se encuentra en el Hotel Neper, donde se encuentra la delegaci\u00f3n encabezada por Frank [&hellip;]<\/p>\n","protected":false},"author":26,"featured_media":35312,"comment_status":"closed","ping_status":"closed","sticky":false,"template":"","format":"standard","meta":{"_seopress_robots_primary_cat":"","_seopress_titles_title":"","_seopress_titles_desc":"","_seopress_robots_index":"","footnotes":""},"categories":[2,16],"tags":[2886,2704,1537,2753,5605,40],"class_list":["post-35310","post","type-post","status-publish","format-standard","has-post-thumbnail","hentry","category-futbol","category-primera-division","tag-kudelka","tag-mercado-de-pases","tag-refuerzo","tag-santiago-silva","tag-superliga","tag-talleres"],"_links":{"self":[{"href":"https:\/\/www.cordobatimes.com\/deportes\/wp-json\/wp\/v2\/posts\/35310","targetHints":{"allow":["GET"]}}],"collection":[{"href":"https:\/\/www.cordobatimes.com\/deportes\/wp-json\/wp\/v2\/posts"}],"about":[{"href":"https:\/\/www.cordobatimes.com\/deportes\/wp-json\/wp\/v2\/types\/post"}],"author":[{"embeddable":true,"href":"https:\/\/www.cordobatimes.com\/deportes\/wp-json\/wp\/v2\/users\/26"}],"replies":[{"embeddable":true,"href":"https:\/\/www.cordobatimes.com\/deportes\/wp-json\/wp\/v2\/comments?post=35310"}],"version-history":[{"count":0,"href":"https:\/\/www.cordobatimes.com\/deportes\/wp-json\/wp\/v2\/posts\/35310\/revisions"}],"wp:featuredmedia":[{"embeddable":true,"href":"https:\/\/www.cordobatimes.com\/deportes\/wp-json\/wp\/v2\/media\/35312"}],"wp:attachment":[{"href":"https:\/\/www.cordobatimes.com\/deportes\/wp-json\/wp\/v2\/media?parent=35310"}],"wp:term":[{"taxonomy":"category","embeddable":true,"href":"https:\/\/www.cordobatimes.com\/deportes\/wp-json\/wp\/v2\/categories?post=35310"},{"taxonomy":"post_tag","embeddable":true,"href":"https:\/\/www.cordobatimes.com\/deportes\/wp-json\/wp\/v2\/tags?post=35310"}],"curies":[{"name":"wp","href":"https:\/\/api.w.org\/{rel}","templated":true}]}}