{"id":35283,"date":"2018-01-25T20:56:15","date_gmt":"2018-01-25T23:56:15","guid":{"rendered":"http:\/\/www.cordobatimes.com\/deportes\/?p=35283"},"modified":"2018-01-25T20:56:15","modified_gmt":"2018-01-25T23:56:15","slug":"se-suspendio-la-conferencia-kudelka-hoy","status":"publish","type":"post","link":"https:\/\/www.cordobatimes.com\/deportes\/futbol\/2018\/01\/25\/se-suspendio-la-conferencia-kudelka-hoy\/","title":{"rendered":"\u00bfPor qu\u00e9 se suspendi\u00f3 la conferencia de Kudelka hoy?"},"content":{"rendered":"<h3><strong>El club confirm\u00f3 que la conferencia programada para el mediod\u00eda del jueves, se posterga para el viernes.<\/strong><\/h3>\n<p>En un principio, la conferencia de prensa del DT Frank Kudelka iba a realizarse el jueves a las 12:30 en La Boutique de Barrio Jard\u00edn. Sin embargo, el club posterg\u00f3 el di\u00e1logo del entrenador con los periodistas para el viernes a las 12 en el Hotel Neper.<\/p>\n<p>Varios medios locales, dan por hecho la llegada de Santiago Silva a la instituci\u00f3n y que s\u00f3lo faltar\u00eda la firma del delantero. Si se concreta la negociaci\u00f3n, Kudelka contar\u00eda con el &#8220;9&#8221; de jerarqu\u00eda que exig\u00eda y ser\u00eda oficializado en la conferencia de ma\u00f1ana.<\/p>\n<figure id=\"attachment_35289\" aria-describedby=\"caption-attachment-35289\" style=\"width: 770px\" class=\"wp-caption alignnone\"><img loading=\"lazy\" decoding=\"async\" class=\"wp-image-35289 size-full\" src=\"http:\/\/www.cordobatimes.com\/deportes\/wp-content\/uploads\/2018\/01\/silva-1.jpg\" alt=\"\" width=\"770\" height=\"450\" srcset=\"https:\/\/www.cordobatimes.com\/deportes\/wp-content\/uploads\/2018\/01\/silva-1.jpg 770w, https:\/\/www.cordobatimes.com\/deportes\/wp-content\/uploads\/2018\/01\/silva-1-300x175.jpg 300w, https:\/\/www.cordobatimes.com\/deportes\/wp-content\/uploads\/2018\/01\/silva-1-768x449.jpg 768w, https:\/\/www.cordobatimes.com\/deportes\/wp-content\/uploads\/2018\/01\/silva-1-696x407.jpg 696w, https:\/\/www.cordobatimes.com\/deportes\/wp-content\/uploads\/2018\/01\/silva-1-719x420.jpg 719w\" sizes=\"auto, (max-width: 770px) 100vw, 770px\" \/><figcaption id=\"caption-attachment-35289\" class=\"wp-caption-text\">El &#8220;Tanque&#8221; viene de jugar en Universidad Cat\u00f3lica de Chile<\/figcaption><\/figure>\n<p>Tambi\u00e9n son\u00f3 el nombre de Rom\u00e1n Mart\u00ednez, pero desde su entorno negaron alg\u00fan contacto. Sin embargo, si llega a la &#8220;T&#8221; ser\u00eda un gran refuerzo reemplazando a &#8220;Bebelo&#8221; Reynoso.<\/p>\n<figure id=\"attachment_35290\" aria-describedby=\"caption-attachment-35290\" style=\"width: 1008px\" class=\"wp-caption alignnone\"><img loading=\"lazy\" decoding=\"async\" class=\"wp-image-35290 size-full\" src=\"http:\/\/www.cordobatimes.com\/deportes\/wp-content\/uploads\/2018\/01\/ROMAN-MARTINEZ.jpg\" alt=\"\" width=\"1008\" height=\"566\" srcset=\"https:\/\/www.cordobatimes.com\/deportes\/wp-content\/uploads\/2018\/01\/ROMAN-MARTINEZ.jpg 1008w, https:\/\/www.cordobatimes.com\/deportes\/wp-content\/uploads\/2018\/01\/ROMAN-MARTINEZ-300x168.jpg 300w, https:\/\/www.cordobatimes.com\/deportes\/wp-content\/uploads\/2018\/01\/ROMAN-MARTINEZ-768x431.jpg 768w, https:\/\/www.cordobatimes.com\/deportes\/wp-content\/uploads\/2018\/01\/ROMAN-MARTINEZ-696x391.jpg 696w, https:\/\/www.cordobatimes.com\/deportes\/wp-content\/uploads\/2018\/01\/ROMAN-MARTINEZ-748x420.jpg 748w\" sizes=\"auto, (max-width: 1008px) 100vw, 1008px\" \/><figcaption id=\"caption-attachment-35290\" class=\"wp-caption-text\">Rom\u00e1n Mart\u00ednez viene de jugar en Lan\u00fas<\/figcaption><\/figure>\n","protected":false},"excerpt":{"rendered":"<p>El club confirm\u00f3 que la conferencia programada para el mediod\u00eda del jueves, se posterga para el viernes. En un principio, la conferencia de prensa del DT Frank Kudelka iba a realizarse el jueves a las 12:30 en La Boutique de Barrio Jard\u00edn. Sin embargo, el club posterg\u00f3 el di\u00e1logo del entrenador con los periodistas para [&hellip;]<\/p>\n","protected":false},"author":26,"featured_media":35288,"comment_status":"closed","ping_status":"closed","sticky":false,"template":"","format":"standard","meta":{"_seopress_robots_primary_cat":"","_seopress_titles_title":"","_seopress_titles_desc":"","_seopress_robots_index":"","footnotes":""},"categories":[2,16],"tags":[6329,26,2886,448,6095,2753,5605,40],"class_list":["post-35283","post","type-post","status-publish","format-standard","has-post-thumbnail","hentry","category-futbol","category-primera-division","tag-6329","tag-argentina","tag-kudelka","tag-refuerzos","tag-roman-martinez","tag-santiago-silva","tag-superliga","tag-talleres"],"_links":{"self":[{"href":"https:\/\/www.cordobatimes.com\/deportes\/wp-json\/wp\/v2\/posts\/35283","targetHints":{"allow":["GET"]}}],"collection":[{"href":"https:\/\/www.cordobatimes.com\/deportes\/wp-json\/wp\/v2\/posts"}],"about":[{"href":"https:\/\/www.cordobatimes.com\/deportes\/wp-json\/wp\/v2\/types\/post"}],"author":[{"embeddable":true,"href":"https:\/\/www.cordobatimes.com\/deportes\/wp-json\/wp\/v2\/users\/26"}],"replies":[{"embeddable":true,"href":"https:\/\/www.cordobatimes.com\/deportes\/wp-json\/wp\/v2\/comments?post=35283"}],"version-history":[{"count":0,"href":"https:\/\/www.cordobatimes.com\/deportes\/wp-json\/wp\/v2\/posts\/35283\/revisions"}],"wp:featuredmedia":[{"embeddable":true,"href":"https:\/\/www.cordobatimes.com\/deportes\/wp-json\/wp\/v2\/media\/35288"}],"wp:attachment":[{"href":"https:\/\/www.cordobatimes.com\/deportes\/wp-json\/wp\/v2\/media?parent=35283"}],"wp:term":[{"taxonomy":"category","embeddable":true,"href":"https:\/\/www.cordobatimes.com\/deportes\/wp-json\/wp\/v2\/categories?post=35283"},{"taxonomy":"post_tag","embeddable":true,"href":"https:\/\/www.cordobatimes.com\/deportes\/wp-json\/wp\/v2\/tags?post=35283"}],"curies":[{"name":"wp","href":"https:\/\/api.w.org\/{rel}","templated":true}]}}