{"id":35277,"date":"2018-01-25T20:55:02","date_gmt":"2018-01-25T23:55:02","guid":{"rendered":"http:\/\/www.cordobatimes.com\/deportes\/?p=35277"},"modified":"2018-01-25T20:55:02","modified_gmt":"2018-01-25T23:55:02","slug":"el-barsa-sufrio-pero-clasifico-a-la-semifinal-de-la-copa-del-rey","status":"publish","type":"post","link":"https:\/\/www.cordobatimes.com\/deportes\/futbol\/2018\/01\/25\/el-barsa-sufrio-pero-clasifico-a-la-semifinal-de-la-copa-del-rey\/","title":{"rendered":"El &#8220;Barsa&#8221; sufri\u00f3 pero clasific\u00f3 a la semifinal de la Copa del Rey"},"content":{"rendered":"<h3><strong>En el cl\u00e1sico catal\u00e1n, el &#8220;Blaugrana&#8221; derrot\u00f3 2-0 al Espanyol (global 2-1) y clasific\u00f3 a las semifinales de la competencia.<\/strong><\/h3>\n<p>Con un gol de Leo Messi y otro de Luis Su\u00e1rez, el Barcelona derrot\u00f3 2-0 a los &#8220;Periquitos&#8221; (que en la ida ganaron 1-0) y sigue avanzando en la competici\u00f3n que ayer tuvo de novedad la eliminaci\u00f3n del Real Madrid a manos del Legan\u00e9s.<\/p>\n<p>Los otros clasificados a las semifinales son el Sevilla, el Valencia y el Legan\u00e9s, que en la tarde de ayer sorprendi\u00f3 en el Santiago Bernab\u00e9u al Real Madrid derrot\u00e1ndolo por 2-1 y dejarlo afuera del certamen.<\/p>\n<p>La novedad del partido fue el debut de\u00a0Philippe Coutinho con la camiseta del Barcelona. El flamante refuerzo utilizar\u00e1 la dorsal 14, n\u00famero que dej\u00f3 vacante el &#8220;Jefecito&#8221;.<\/p>\n<p><img loading=\"lazy\" decoding=\"async\" class=\"alignnone wp-image-35285 size-full\" src=\"http:\/\/www.cordobatimes.com\/deportes\/wp-content\/uploads\/2018\/01\/pilipe.jpg\" alt=\"\" width=\"1083\" height=\"609\" srcset=\"https:\/\/www.cordobatimes.com\/deportes\/wp-content\/uploads\/2018\/01\/pilipe.jpg 1083w, https:\/\/www.cordobatimes.com\/deportes\/wp-content\/uploads\/2018\/01\/pilipe-300x169.jpg 300w, https:\/\/www.cordobatimes.com\/deportes\/wp-content\/uploads\/2018\/01\/pilipe-768x432.jpg 768w, https:\/\/www.cordobatimes.com\/deportes\/wp-content\/uploads\/2018\/01\/pilipe-1024x576.jpg 1024w, https:\/\/www.cordobatimes.com\/deportes\/wp-content\/uploads\/2018\/01\/pilipe-696x391.jpg 696w, https:\/\/www.cordobatimes.com\/deportes\/wp-content\/uploads\/2018\/01\/pilipe-1068x601.jpg 1068w, https:\/\/www.cordobatimes.com\/deportes\/wp-content\/uploads\/2018\/01\/pilipe-747x420.jpg 747w\" sizes=\"auto, (max-width: 1083px) 100vw, 1083px\" \/><\/p>\n<p><strong>El gol de Luis Su\u00e1rez:<\/strong><\/p>\n<p>https:\/\/www.youtube.com\/watch?v=GJ1v7Z6MZdI<\/p>\n<p><strong>El gol de Leo Messi:<\/strong><\/p>\n<p>https:\/\/www.youtube.com\/watch?v=uWi4HzQgf70<\/p>\n<p><strong>La despedida para Javier Mascherano:<\/strong><\/p>\n<p>&nbsp;<\/p>\n<blockquote class=\"twitter-tweet\" data-lang=\"es\">\n<p dir=\"ltr\" lang=\"es\"><a href=\"https:\/\/twitter.com\/hashtag\/GraciasMasche?src=hash&amp;ref_src=twsrc%5Etfw\">#GraciasMasche<\/a><br \/>\nAs\u00ed se despidi\u00f3 <a href=\"https:\/\/twitter.com\/Mascherano?ref_src=twsrc%5Etfw\">@Mascherano<\/a> del Camp Nou<br \/>\n?? <a href=\"https:\/\/t.co\/JLdHVdlOhD\">pic.twitter.com\/JLdHVdlOhD<\/a><\/p>\n<p>\u2014 FC Barcelona (@FCBarcelona_es) <a href=\"https:\/\/twitter.com\/FCBarcelona_es\/status\/956638623775973376?ref_src=twsrc%5Etfw\">25 de enero de 2018<\/a><\/p><\/blockquote>\n<p><script async src=\"https:\/\/platform.twitter.com\/widgets.js\" charset=\"utf-8\"><\/script><\/p>\n","protected":false},"excerpt":{"rendered":"<p>En el cl\u00e1sico catal\u00e1n, el &#8220;Blaugrana&#8221; derrot\u00f3 2-0 al Espanyol (global 2-1) y clasific\u00f3 a las semifinales de la competencia. Con un gol de Leo Messi y otro de Luis Su\u00e1rez, el Barcelona derrot\u00f3 2-0 a los &#8220;Periquitos&#8221; (que en la ida ganaron 1-0) y sigue avanzando en la competici\u00f3n que ayer tuvo de novedad [&hellip;]<\/p>\n","protected":false},"author":26,"featured_media":35278,"comment_status":"closed","ping_status":"closed","sticky":false,"template":"","format":"standard","meta":{"_seopress_robots_primary_cat":"","_seopress_titles_title":"","_seopress_titles_desc":"","_seopress_robots_index":"","footnotes":""},"categories":[2,18],"tags":[67,973,246,2020,2326,88,751],"class_list":{"0":"post-35277","1":"post","2":"type-post","3":"status-publish","4":"format-standard","5":"has-post-thumbnail","6":"hentry","7":"category-futbol","8":"category-futbol-internacional","9":"tag-barcelona","10":"tag-copa-del-rey","12":"tag-leo-messi","13":"tag-luis-suarez","14":"tag-messi","15":"tag-semifinales"},"_links":{"self":[{"href":"https:\/\/www.cordobatimes.com\/deportes\/wp-json\/wp\/v2\/posts\/35277","targetHints":{"allow":["GET"]}}],"collection":[{"href":"https:\/\/www.cordobatimes.com\/deportes\/wp-json\/wp\/v2\/posts"}],"about":[{"href":"https:\/\/www.cordobatimes.com\/deportes\/wp-json\/wp\/v2\/types\/post"}],"author":[{"embeddable":true,"href":"https:\/\/www.cordobatimes.com\/deportes\/wp-json\/wp\/v2\/users\/26"}],"replies":[{"embeddable":true,"href":"https:\/\/www.cordobatimes.com\/deportes\/wp-json\/wp\/v2\/comments?post=35277"}],"version-history":[{"count":0,"href":"https:\/\/www.cordobatimes.com\/deportes\/wp-json\/wp\/v2\/posts\/35277\/revisions"}],"wp:featuredmedia":[{"embeddable":true,"href":"https:\/\/www.cordobatimes.com\/deportes\/wp-json\/wp\/v2\/media\/35278"}],"wp:attachment":[{"href":"https:\/\/www.cordobatimes.com\/deportes\/wp-json\/wp\/v2\/media?parent=35277"}],"wp:term":[{"taxonomy":"category","embeddable":true,"href":"https:\/\/www.cordobatimes.com\/deportes\/wp-json\/wp\/v2\/categories?post=35277"},{"taxonomy":"post_tag","embeddable":true,"href":"https:\/\/www.cordobatimes.com\/deportes\/wp-json\/wp\/v2\/tags?post=35277"}],"curies":[{"name":"wp","href":"https:\/\/api.w.org\/{rel}","templated":true}]}}