{"id":35272,"date":"2018-01-25T20:49:24","date_gmt":"2018-01-25T23:49:24","guid":{"rendered":"http:\/\/www.cordobatimes.com\/deportes\/?p=35272"},"modified":"2018-01-25T20:49:24","modified_gmt":"2018-01-25T23:49:24","slug":"jugadores-disputaran-la-libertadores-sub-20","status":"publish","type":"post","link":"https:\/\/www.cordobatimes.com\/deportes\/futbol\/2018\/01\/25\/jugadores-disputaran-la-libertadores-sub-20\/","title":{"rendered":"\u00bfQu\u00e9 jugadores disputar\u00e1n la Libertadores Sub 20?"},"content":{"rendered":"<h3><strong>Es la primera vez que un equipo del interior participa de dicho certamen. La &#8220;T&#8221; presentar\u00e1 un equipo muy competitivo.<\/strong><\/h3>\n<p>Tras consagrarse Campe\u00f3n en la 4\u00b0 divisi\u00f3n de AFA en noviembre del a\u00f1o pasado, el &#8220;Albiazul&#8221; consigui\u00f3 el pasaje a la pr\u00f3xima Copa Libertadores Sub 20 que se jugar\u00e1 en Uruguay del 10 al 24 de febrero. El equipo de Egidio Acu\u00f1a comparte grupo con San Pablo, Atl\u00e9tico Venezuela y Quebracho de Bolivia.<\/p>\n<p>El plantel que presentar\u00e1 el conjunto de Barrio Jard\u00edn ser\u00e1:<\/p>\n<p><strong>Arqueros:\u00a0<\/strong> Joaqu\u00edn Bl\u00e1zquez (realiz\u00f3 en enero su primer pretemporada con el plantel profesional) y Federico Schauvinhold.<\/p>\n<p><strong>Defensores:\u00a0<\/strong>Tom\u00e1s Oneto, Fernando Bersano, Augusto Schott, Franco Malague\u00f1o, Lautaro N\u00fa\u00f1ez, Agust\u00edn Irazoque y Rodrigo Cabral.<\/p>\n<p><strong>Mediocampistas:<\/strong>\u00a0Carlos Villalba, Cristian Ojeda, Gabriel Esp\u00edndola, Gast\u00f3n Torres, Lautaro Guzm\u00e1n y Fernando Ju\u00e1rez.<\/p>\n<p><strong>Delanteros:\u00a0<\/strong>Marcos Arturia, Mauro Valiente, Exequiel Beltramone, Nahuel Bustos y Stefano Zarantonello.<\/p>\n<p><img loading=\"lazy\" decoding=\"async\" class=\"alignnone wp-image-35274 size-full\" src=\"http:\/\/www.cordobatimes.com\/deportes\/wp-content\/uploads\/2018\/01\/campeon-700x400.jpg\" alt=\"\" width=\"700\" height=\"400\" srcset=\"https:\/\/www.cordobatimes.com\/deportes\/wp-content\/uploads\/2018\/01\/campeon-700x400.jpg 700w, https:\/\/www.cordobatimes.com\/deportes\/wp-content\/uploads\/2018\/01\/campeon-700x400-300x171.jpg 300w, https:\/\/www.cordobatimes.com\/deportes\/wp-content\/uploads\/2018\/01\/campeon-700x400-696x398.jpg 696w\" sizes=\"auto, (max-width: 700px) 100vw, 700px\" \/><\/p>\n<p>Adem\u00e1s, el cuerpo t\u00e9cnico estar\u00e1 conformado por:<\/p>\n<ul>\n<li>Egidio Acu\u00f1a (DT).<\/li>\n<li>Carlos Ranalli (Director General).<\/li>\n<li>Carlos D\u00edaz (Ayudante de Campo).<\/li>\n<li>Sebasti\u00e1n De La Fuente (Preparador F\u00edsico).<\/li>\n<li>Rom\u00e1n Ranalli (Entrenador de Arqueros).<\/li>\n<li>Facundo Vera (M\u00e9dico).<\/li>\n<li>Juan Remondegui (Kinesi\u00f3logo).<\/li>\n<li>Santiago Orgaz (Psic\u00f3logo).<\/li>\n<li>V\u00edctor Urquiza (Utilero).<\/li>\n<li>Pablo Taborda (Secretario T\u00e9cnico).<\/li>\n<li>Hern\u00e1n Llano (Visor\u00eda y Scouting).<\/li>\n<li>Maximiliano Salas (Gesti\u00f3n Administrativa)<\/li>\n<\/ul>\n","protected":false},"excerpt":{"rendered":"<p>Es la primera vez que un equipo del interior participa de dicho certamen. La &#8220;T&#8221; presentar\u00e1 un equipo muy competitivo. Tras consagrarse Campe\u00f3n en la 4\u00b0 divisi\u00f3n de AFA en noviembre del a\u00f1o pasado, el &#8220;Albiazul&#8221; consigui\u00f3 el pasaje a la pr\u00f3xima Copa Libertadores Sub 20 que se jugar\u00e1 en Uruguay del 10 al 24 [&hellip;]<\/p>\n","protected":false},"author":26,"featured_media":35273,"comment_status":"closed","ping_status":"closed","sticky":false,"template":"","format":"standard","meta":{"_seopress_robots_primary_cat":"","_seopress_titles_title":"","_seopress_titles_desc":"","_seopress_robots_index":"","footnotes":""},"categories":[2,16],"tags":[26,6387,40,316],"class_list":["post-35272","post","type-post","status-publish","format-standard","has-post-thumbnail","hentry","category-futbol","category-primera-division","tag-argentina","tag-copa-libertadores-sub-20","tag-talleres","tag-uruguay"],"_links":{"self":[{"href":"https:\/\/www.cordobatimes.com\/deportes\/wp-json\/wp\/v2\/posts\/35272","targetHints":{"allow":["GET"]}}],"collection":[{"href":"https:\/\/www.cordobatimes.com\/deportes\/wp-json\/wp\/v2\/posts"}],"about":[{"href":"https:\/\/www.cordobatimes.com\/deportes\/wp-json\/wp\/v2\/types\/post"}],"author":[{"embeddable":true,"href":"https:\/\/www.cordobatimes.com\/deportes\/wp-json\/wp\/v2\/users\/26"}],"replies":[{"embeddable":true,"href":"https:\/\/www.cordobatimes.com\/deportes\/wp-json\/wp\/v2\/comments?post=35272"}],"version-history":[{"count":0,"href":"https:\/\/www.cordobatimes.com\/deportes\/wp-json\/wp\/v2\/posts\/35272\/revisions"}],"wp:featuredmedia":[{"embeddable":true,"href":"https:\/\/www.cordobatimes.com\/deportes\/wp-json\/wp\/v2\/media\/35273"}],"wp:attachment":[{"href":"https:\/\/www.cordobatimes.com\/deportes\/wp-json\/wp\/v2\/media?parent=35272"}],"wp:term":[{"taxonomy":"category","embeddable":true,"href":"https:\/\/www.cordobatimes.com\/deportes\/wp-json\/wp\/v2\/categories?post=35272"},{"taxonomy":"post_tag","embeddable":true,"href":"https:\/\/www.cordobatimes.com\/deportes\/wp-json\/wp\/v2\/tags?post=35272"}],"curies":[{"name":"wp","href":"https:\/\/api.w.org\/{rel}","templated":true}]}}