{"id":35260,"date":"2018-01-25T20:51:30","date_gmt":"2018-01-25T23:51:30","guid":{"rendered":"http:\/\/www.cordobatimes.com\/deportes\/?p=35260"},"modified":"2018-01-26T16:08:36","modified_gmt":"2018-01-26T19:08:36","slug":"todo-lo-que-tenes-que-saber-para-talleres-san-lorenzo","status":"publish","type":"post","link":"https:\/\/www.cordobatimes.com\/deportes\/futbol\/2018\/01\/25\/todo-lo-que-tenes-que-saber-para-talleres-san-lorenzo\/","title":{"rendered":"Todo lo que ten\u00e9s que saber para Talleres &#8211; San Lorenzo"},"content":{"rendered":"<h3><strong>La &#8220;T&#8221; recibe al &#8220;Cicl\u00f3n&#8221; en la reanudaci\u00f3n de la Superliga. Juegan el viernes desde las 21:15 en el Mario Alberto Kempes.<\/strong><\/h3>\n<p>Por la 13\u00b0 fecha de la Superliga Argentina de F\u00fatbol, el equipo de Frank Kudelka, quinto en la tabla, recibe al &#8220;Azulgrana&#8221;, el \u00fanico escolta del puntero Boca. Ac\u00e1, todo lo que ten\u00e9s que saber para el encuentro. S\u00f3lo se vender\u00e1n tickets el d\u00eda del partido en el estadio.<\/p>\n<blockquote class=\"twitter-tweet\" data-lang=\"es\">\n<p dir=\"ltr\" lang=\"es\">\u00a1<a href=\"https:\/\/twitter.com\/hashtag\/HoyJuegaTalleres?src=hash&amp;ref_src=twsrc%5Etfw\">#HoyJuegaTalleres<\/a>! Desde las 21:15 hs recibimos a <a href=\"https:\/\/twitter.com\/SanLorenzo?ref_src=twsrc%5Etfw\">@SanLorenzo<\/a> en la reanudaci\u00f3n de la <a href=\"https:\/\/twitter.com\/hashtag\/SuperligaQuilmesCl%C3%A1sica?src=hash&amp;ref_src=twsrc%5Etfw\">#SuperligaQuilmesCl\u00e1sica<\/a>? <a href=\"https:\/\/t.co\/lILz0rziuW\">pic.twitter.com\/lILz0rziuW<\/a><\/p>\n<p>\u2014 Talleres (@CATalleresdecba) <a href=\"https:\/\/twitter.com\/CATalleresdecba\/status\/956880426055884800?ref_src=twsrc%5Etfw\">26 de enero de 2018<\/a><\/p><\/blockquote>\n<p><script async src=\"https:\/\/platform.twitter.com\/widgets.js\" charset=\"utf-8\"><\/script><\/p>\n<p>&nbsp;<\/p>\n<blockquote class=\"twitter-tweet\" data-lang=\"es\">\n<p dir=\"ltr\" lang=\"es\"><a href=\"https:\/\/twitter.com\/hashtag\/TalleresSanLorenzo?src=hash&amp;ref_src=twsrc%5Etfw\">#TalleresSanLorenzo<\/a> | Record\u00e1 que hay importantes obras en la zona del Estadio. Lleg\u00e1 con tiempo y circul\u00e1 con precauci\u00f3n.<\/p>\n<p>\u2014 Talleres (@CATalleresdecba) <a href=\"https:\/\/twitter.com\/CATalleresdecba\/status\/956938535961026560?ref_src=twsrc%5Etfw\">26 de enero de 2018<\/a><\/p><\/blockquote>\n<p><script async src=\"https:\/\/platform.twitter.com\/widgets.js\" charset=\"utf-8\"><\/script><\/p>\n<blockquote class=\"twitter-tweet\" data-lang=\"es\">\n<p dir=\"ltr\" lang=\"es\"><a href=\"https:\/\/twitter.com\/hashtag\/TalleresSanLorenzo?src=hash&amp;ref_src=twsrc%5Etfw\">#TalleresSanLorenzo<\/a> | El servicio de colectivos ERSA sale desde la Plaza San Mart\u00edn hasta la playa norte ingresando por el Parque Kempes. CONIFERAL llega hasta Plaza Gutenberg.<\/p>\n<p>\u2014 Talleres (@CATalleresdecba) <a href=\"https:\/\/twitter.com\/CATalleresdecba\/status\/956942059348295681?ref_src=twsrc%5Etfw\">26 de enero de 2018<\/a><\/p><\/blockquote>\n<p><script async src=\"https:\/\/platform.twitter.com\/widgets.js\" charset=\"utf-8\"><\/script><\/p>\n<blockquote class=\"twitter-tweet\" data-lang=\"es\">\n<p dir=\"ltr\" lang=\"es\"><a href=\"https:\/\/twitter.com\/hashtag\/TalleresSanLorenzo?src=hash&amp;ref_src=twsrc%5Etfw\">#TalleresSanLorenzo<\/a> | El regreso de los colectivos especiales es desde las mismas paradas donde arribaron. Los bondis no pasan por la rotonda de Av. del Piamonte.<\/p>\n<p>\u2014 Talleres (@CATalleresdecba) <a href=\"https:\/\/twitter.com\/CATalleresdecba\/status\/956942562375471104?ref_src=twsrc%5Etfw\">26 de enero de 2018<\/a><\/p><\/blockquote>\n<p><script async src=\"https:\/\/platform.twitter.com\/widgets.js\" charset=\"utf-8\"><\/script><\/p>\n<p><strong>Quienes podr\u00e1n asistir<\/strong><\/p>\n<p>Podr\u00e1n acudir al Mario Alberto Kempes los socios que tengan la cuota de enero al d\u00eda y el abono f\u00fatbol renovado para este semestre. Los adherentes tambi\u00e9n pueden adquirir un espacio en las tribunas.<\/p>\n<p><strong>Venta de entradas:<\/strong><\/p>\n<p>\u2013 Punto de Atenci\u00f3n Integral en Patio Olmos<br \/>\nMartes, mi\u00e9rcoles y jueves | 10 a 22 hs.<br \/>\nViernes | 10 a 13 hs.<\/p>\n<p>\u2013 Punto de Atenci\u00f3n Integral en Paseo del Jockey (Jard\u00edn Espinosa)<br \/>\nMartes, mi\u00e9rcoles y jueves | 10 a 13 y 17 a 22 hs.<br \/>\nViernes | 10 a 13 hs.<\/p>\n<p>\u2013 Sede Social (frente a Plaza San Mart\u00edn)<br \/>\nMartes, mi\u00e9rcoles y jueves | 10 a 18 hs.<br \/>\nViernes | 10 a 13 hs.<\/p>\n<p>Tu Anticipada (Laplace 5600)<br \/>\nMartes, mi\u00e9rcoles y jueves | 15 a 21 hs.<br \/>\nViernes | 10 a 13 hs.<\/p>\n<p><img loading=\"lazy\" decoding=\"async\" class=\"alignnone wp-image-35266 size-full\" src=\"http:\/\/www.cordobatimes.com\/deportes\/wp-content\/uploads\/2018\/01\/TALLERESSAN-LORENZO_5x5_2018-2-01.jpg\" alt=\"\" width=\"1969\" height=\"1467\" srcset=\"https:\/\/www.cordobatimes.com\/deportes\/wp-content\/uploads\/2018\/01\/TALLERESSAN-LORENZO_5x5_2018-2-01.jpg 1969w, https:\/\/www.cordobatimes.com\/deportes\/wp-content\/uploads\/2018\/01\/TALLERESSAN-LORENZO_5x5_2018-2-01-300x224.jpg 300w, https:\/\/www.cordobatimes.com\/deportes\/wp-content\/uploads\/2018\/01\/TALLERESSAN-LORENZO_5x5_2018-2-01-768x572.jpg 768w, https:\/\/www.cordobatimes.com\/deportes\/wp-content\/uploads\/2018\/01\/TALLERESSAN-LORENZO_5x5_2018-2-01-1024x763.jpg 1024w, https:\/\/www.cordobatimes.com\/deportes\/wp-content\/uploads\/2018\/01\/TALLERESSAN-LORENZO_5x5_2018-2-01-80x60.jpg 80w, https:\/\/www.cordobatimes.com\/deportes\/wp-content\/uploads\/2018\/01\/TALLERESSAN-LORENZO_5x5_2018-2-01-265x198.jpg 265w, https:\/\/www.cordobatimes.com\/deportes\/wp-content\/uploads\/2018\/01\/TALLERESSAN-LORENZO_5x5_2018-2-01-696x519.jpg 696w, https:\/\/www.cordobatimes.com\/deportes\/wp-content\/uploads\/2018\/01\/TALLERESSAN-LORENZO_5x5_2018-2-01-1068x796.jpg 1068w, https:\/\/www.cordobatimes.com\/deportes\/wp-content\/uploads\/2018\/01\/TALLERESSAN-LORENZO_5x5_2018-2-01-564x420.jpg 564w\" sizes=\"auto, (max-width: 1969px) 100vw, 1969px\" \/><\/p>\n<p><strong>Socios Adherentes<\/strong><\/p>\n<p>Platea Gasparini Mayor | $400<br \/>\nPlatea Gasparini dama, menor y jubilado | $280<\/p>\n<p>Platea Ardiles Mayor | $480<br \/>\nPlatea Ardiles dama, menor y jubilado | $340<\/p>\n<p><strong>La palabra de Carlos Quintana, defensor de la &#8220;T&#8221;<\/strong><\/p>\n<p><iframe loading=\"lazy\" width=\"696\" height=\"392\" src=\"https:\/\/www.youtube.com\/embed\/68KosWcxQ0s?feature=oembed\" frameborder=\"0\" allow=\"autoplay; encrypted-media\" allowfullscreen><\/iframe><\/p>\n<p><strong>\u00c1rbitro<\/strong><\/p>\n<p>Quien imponga justicia ser\u00e1 Facundo Tello, acompa\u00f1ado por los asistentes Sergio Viola y Manuel S\u00e1nchez.<\/p>\n<p><strong>TV<\/strong><\/p>\n<p>El partido ir\u00e1 por la se\u00f1al de TNT Sports. Quienes hayan contratado el Pack F\u00fatbol podr\u00e1n ver el encuentro.<\/p>\n<p><strong>Historial<\/strong><\/p>\n<p>Se enfrentaron 48 veces. Talleres gan\u00f3 en 6 oportunidades contra 27 de San Lorenzo. Adem\u00e1s, empataron en 15 ocasiones.<\/p>\n<p><strong>Lista de Concentrados<\/strong><\/p>\n<p><img loading=\"lazy\" decoding=\"async\" class=\"alignnone wp-image-35263 size-full\" src=\"http:\/\/www.cordobatimes.com\/deportes\/wp-content\/uploads\/2018\/01\/Concentrados-talleres-san-lorenzo.jpg\" alt=\"\" width=\"1200\" height=\"934\" srcset=\"https:\/\/www.cordobatimes.com\/deportes\/wp-content\/uploads\/2018\/01\/Concentrados-talleres-san-lorenzo.jpg 1200w, https:\/\/www.cordobatimes.com\/deportes\/wp-content\/uploads\/2018\/01\/Concentrados-talleres-san-lorenzo-300x234.jpg 300w, https:\/\/www.cordobatimes.com\/deportes\/wp-content\/uploads\/2018\/01\/Concentrados-talleres-san-lorenzo-768x598.jpg 768w, https:\/\/www.cordobatimes.com\/deportes\/wp-content\/uploads\/2018\/01\/Concentrados-talleres-san-lorenzo-1024x797.jpg 1024w, https:\/\/www.cordobatimes.com\/deportes\/wp-content\/uploads\/2018\/01\/Concentrados-talleres-san-lorenzo-696x542.jpg 696w, https:\/\/www.cordobatimes.com\/deportes\/wp-content\/uploads\/2018\/01\/Concentrados-talleres-san-lorenzo-1068x831.jpg 1068w, https:\/\/www.cordobatimes.com\/deportes\/wp-content\/uploads\/2018\/01\/Concentrados-talleres-san-lorenzo-540x420.jpg 540w\" sizes=\"auto, (max-width: 1200px) 100vw, 1200px\" \/><\/p>\n<p><img loading=\"lazy\" decoding=\"async\" class=\"alignnone wp-image-35264 size-full\" src=\"http:\/\/www.cordobatimes.com\/deportes\/wp-content\/uploads\/2018\/01\/conentrados-san-lo-renzo-talleres.jpg\" alt=\"\" width=\"1200\" height=\"675\" srcset=\"https:\/\/www.cordobatimes.com\/deportes\/wp-content\/uploads\/2018\/01\/conentrados-san-lo-renzo-talleres.jpg 1200w, https:\/\/www.cordobatimes.com\/deportes\/wp-content\/uploads\/2018\/01\/conentrados-san-lo-renzo-talleres-300x169.jpg 300w, https:\/\/www.cordobatimes.com\/deportes\/wp-content\/uploads\/2018\/01\/conentrados-san-lo-renzo-talleres-768x432.jpg 768w, https:\/\/www.cordobatimes.com\/deportes\/wp-content\/uploads\/2018\/01\/conentrados-san-lo-renzo-talleres-1024x576.jpg 1024w, https:\/\/www.cordobatimes.com\/deportes\/wp-content\/uploads\/2018\/01\/conentrados-san-lo-renzo-talleres-696x392.jpg 696w, https:\/\/www.cordobatimes.com\/deportes\/wp-content\/uploads\/2018\/01\/conentrados-san-lo-renzo-talleres-1068x601.jpg 1068w, https:\/\/www.cordobatimes.com\/deportes\/wp-content\/uploads\/2018\/01\/conentrados-san-lo-renzo-talleres-747x420.jpg 747w\" sizes=\"auto, (max-width: 1200px) 100vw, 1200px\" \/><\/p>\n<p>Adem\u00e1s, antes del encuentro habr\u00e1 un homenaje para el plantel de Talleres del Nacional 77&#8242;.<\/p>\n<blockquote class=\"twitter-tweet\" data-lang=\"es\">\n<p dir=\"ltr\" lang=\"es\"><a href=\"https:\/\/twitter.com\/hashtag\/OrgulloAlbiazul?src=hash&amp;ref_src=twsrc%5Etfw\">#OrgulloAlbiazul<\/a> | En el partido de ma\u00f1ana ante San Lorenzo, habr\u00e1 un homenaje al Plantel de <a href=\"https:\/\/twitter.com\/hashtag\/Talleres?src=hash&amp;ref_src=twsrc%5Etfw\">#Talleres<\/a> del Nacional 1977. Est\u00e1n todos los jugadores invitados \u2192 <a href=\"https:\/\/t.co\/yA9Dl1Oh7f\">https:\/\/t.co\/yA9Dl1Oh7f<\/a> <a href=\"https:\/\/t.co\/5o13gzAOXo\">pic.twitter.com\/5o13gzAOXo<\/a><\/p>\n<p>\u2014 Talleres (@CATalleresdecba) <a href=\"https:\/\/twitter.com\/CATalleresdecba\/status\/956571869758541824?ref_src=twsrc%5Etfw\">25 de enero de 2018<\/a><\/p><\/blockquote>\n<p><script async src=\"https:\/\/platform.twitter.com\/widgets.js\" charset=\"utf-8\"><\/script><\/p>\n<p><strong>Partido de Reserva:<\/strong><\/p>\n<p>Jugar\u00e1n el pr\u00f3ximo s\u00e1bado desde las 9 hs en La Boutique. S\u00f3lo podr\u00e1n asistir socios al d\u00eda obteniendo la entrada en los siguientes puntos:<\/p>\n<p>Jueves 25 y viernes 26<br \/>\nPunto de Atenci\u00f3n Paseo del Jockey (10 a 13 y 17 a 22 hs)<br \/>\nPunto de Atenci\u00f3n Patio Olmos (10 a 22 hs)<br \/>\nTienda Sede Social (10 a 18 hs)<\/p>\n","protected":false},"excerpt":{"rendered":"<p>La &#8220;T&#8221; recibe al &#8220;Cicl\u00f3n&#8221; en la reanudaci\u00f3n de la Superliga. Juegan el viernes desde las 21:15 en el Mario Alberto Kempes. Por la 13\u00b0 fecha de la Superliga Argentina de F\u00fatbol, el equipo de Frank Kudelka, quinto en la tabla, recibe al &#8220;Azulgrana&#8221;, el \u00fanico escolta del puntero Boca. Ac\u00e1, todo lo que ten\u00e9s [&hellip;]<\/p>\n","protected":false},"author":26,"featured_media":35261,"comment_status":"closed","ping_status":"closed","sticky":false,"template":"","format":"standard","meta":{"_seopress_robots_primary_cat":"","_seopress_titles_title":"","_seopress_titles_desc":"","_seopress_robots_index":"","footnotes":""},"categories":[2,16],"tags":[6329,26,574,313,5605,40],"class_list":["post-35260","post","type-post","status-publish","format-standard","has-post-thumbnail","hentry","category-futbol","category-primera-division","tag-6329","tag-argentina","tag-entradas","tag-san-lorenzo","tag-superliga","tag-talleres"],"_links":{"self":[{"href":"https:\/\/www.cordobatimes.com\/deportes\/wp-json\/wp\/v2\/posts\/35260","targetHints":{"allow":["GET"]}}],"collection":[{"href":"https:\/\/www.cordobatimes.com\/deportes\/wp-json\/wp\/v2\/posts"}],"about":[{"href":"https:\/\/www.cordobatimes.com\/deportes\/wp-json\/wp\/v2\/types\/post"}],"author":[{"embeddable":true,"href":"https:\/\/www.cordobatimes.com\/deportes\/wp-json\/wp\/v2\/users\/26"}],"replies":[{"embeddable":true,"href":"https:\/\/www.cordobatimes.com\/deportes\/wp-json\/wp\/v2\/comments?post=35260"}],"version-history":[{"count":0,"href":"https:\/\/www.cordobatimes.com\/deportes\/wp-json\/wp\/v2\/posts\/35260\/revisions"}],"wp:featuredmedia":[{"embeddable":true,"href":"https:\/\/www.cordobatimes.com\/deportes\/wp-json\/wp\/v2\/media\/35261"}],"wp:attachment":[{"href":"https:\/\/www.cordobatimes.com\/deportes\/wp-json\/wp\/v2\/media?parent=35260"}],"wp:term":[{"taxonomy":"category","embeddable":true,"href":"https:\/\/www.cordobatimes.com\/deportes\/wp-json\/wp\/v2\/categories?post=35260"},{"taxonomy":"post_tag","embeddable":true,"href":"https:\/\/www.cordobatimes.com\/deportes\/wp-json\/wp\/v2\/tags?post=35260"}],"curies":[{"name":"wp","href":"https:\/\/api.w.org\/{rel}","templated":true}]}}