{"id":35238,"date":"2018-01-25T15:04:09","date_gmt":"2018-01-25T18:04:09","guid":{"rendered":"http:\/\/www.cordobatimes.com\/deportes\/?p=35238"},"modified":"2018-01-25T15:05:20","modified_gmt":"2018-01-25T18:05:20","slug":"belgrano-posible-venta-del-cuti-romero-al-villarreal-esppana","status":"publish","type":"post","link":"https:\/\/www.cordobatimes.com\/deportes\/futbol\/2018\/01\/25\/belgrano-posible-venta-del-cuti-romero-al-villarreal-esppana\/","title":{"rendered":"Belgrano: Posible venta del &#8220;Cuti&#8221; Romero al Villarreal de Espa\u00f1a"},"content":{"rendered":"<h3><strong>Cristian Romero, acord\u00f3 de<\/strong><strong>\u00a0palabras la salida de Belgrano para unirse al Villarreal de Espa\u00f1a. Todav\u00eda falta que llegue el acuerdo de ambos para oficializarlo. <\/strong><\/h3>\n<p><strong>\u00a0<\/strong>\u201cCuti\u201d Romero con 19 a\u00f1os, el sue\u00f1o de jugar en Europa est\u00e1 a un paso de hacerse realidad. Los dirigentes de<strong>\u00a0<\/strong><strong>la \u201cB\u201d<\/strong>\u00a0se encuentran esperando que todo lo conversado con los dirigentes del\u00a0<strong>Villarreal de Espa\u00f1a<\/strong>,\u00a0 env\u00eden por escrito la propuesta para que la misma sea aprobada de manera inmediata por la conducci\u00f3n Celeste.<\/p>\n<p><img loading=\"lazy\" decoding=\"async\" class=\"alignnone wp-image-35239\" src=\"http:\/\/www.cordobatimes.com\/deportes\/wp-content\/uploads\/2018\/01\/cuti-romero_0-300x165.jpg\" alt=\"\" width=\"680\" height=\"373\" srcset=\"https:\/\/www.cordobatimes.com\/deportes\/wp-content\/uploads\/2018\/01\/cuti-romero_0-300x165.jpg 300w, https:\/\/www.cordobatimes.com\/deportes\/wp-content\/uploads\/2018\/01\/cuti-romero_0-768x422.jpg 768w, https:\/\/www.cordobatimes.com\/deportes\/wp-content\/uploads\/2018\/01\/cuti-romero_0-696x382.jpg 696w, https:\/\/www.cordobatimes.com\/deportes\/wp-content\/uploads\/2018\/01\/cuti-romero_0-765x420.jpg 765w, https:\/\/www.cordobatimes.com\/deportes\/wp-content\/uploads\/2018\/01\/cuti-romero_0.jpg 1020w\" sizes=\"auto, (max-width: 680px) 100vw, 680px\" \/><\/p>\n<p>El libro de pases en Espa\u00f1a cierra el 31 de enero y por ello es que se espera en breve la confirmaci\u00f3n de la documentaci\u00f3n y el cierre de las negociaciones, las que le dejar\u00e1n al Pirata un total de 1.5 mill\u00f3n de euros (unos 36 millones de pesos).<\/p>\n<p>El \u201cpibe\u201d debut\u00f3 en el Pirata de la mano de Esteban Gonz\u00e1lez en agosto de 2016, el marcador central se inici\u00f3 en San Lorenzo de la Liga Cordobesa (el de barrio Las Flores), despu\u00e9s estuvo dos a\u00f1os en Talleres y luego que el \u201cTano\u201d Spallina le consiguiera una prueba en \u201cCeleste\u201d se qued\u00f3 en el club de Alberdi.<\/p>\n","protected":false},"excerpt":{"rendered":"<p>Cristian Romero, acord\u00f3 de\u00a0palabras la salida de Belgrano para unirse al Villarreal de Espa\u00f1a. Todav\u00eda falta que llegue el acuerdo de ambos para oficializarlo. \u00a0\u201cCuti\u201d Romero con 19 a\u00f1os, el sue\u00f1o de jugar en Europa est\u00e1 a un paso de hacerse realidad. Los dirigentes de\u00a0la \u201cB\u201d\u00a0se encuentran esperando que todo lo conversado con los dirigentes [&hellip;]<\/p>\n","protected":false},"author":30,"featured_media":35240,"comment_status":"closed","ping_status":"closed","sticky":false,"template":"","format":"standard","meta":{"_seopress_robots_primary_cat":"","_seopress_titles_title":"","_seopress_titles_desc":"","_seopress_robots_index":"","footnotes":""},"categories":[2,16],"tags":[6329,37,6381,1087],"class_list":["post-35238","post","type-post","status-publish","format-standard","has-post-thumbnail","hentry","category-futbol","category-primera-division","tag-6329","tag-belgrano","tag-cristian-romero","tag-villarreal"],"_links":{"self":[{"href":"https:\/\/www.cordobatimes.com\/deportes\/wp-json\/wp\/v2\/posts\/35238","targetHints":{"allow":["GET"]}}],"collection":[{"href":"https:\/\/www.cordobatimes.com\/deportes\/wp-json\/wp\/v2\/posts"}],"about":[{"href":"https:\/\/www.cordobatimes.com\/deportes\/wp-json\/wp\/v2\/types\/post"}],"author":[{"embeddable":true,"href":"https:\/\/www.cordobatimes.com\/deportes\/wp-json\/wp\/v2\/users\/30"}],"replies":[{"embeddable":true,"href":"https:\/\/www.cordobatimes.com\/deportes\/wp-json\/wp\/v2\/comments?post=35238"}],"version-history":[{"count":0,"href":"https:\/\/www.cordobatimes.com\/deportes\/wp-json\/wp\/v2\/posts\/35238\/revisions"}],"wp:featuredmedia":[{"embeddable":true,"href":"https:\/\/www.cordobatimes.com\/deportes\/wp-json\/wp\/v2\/media\/35240"}],"wp:attachment":[{"href":"https:\/\/www.cordobatimes.com\/deportes\/wp-json\/wp\/v2\/media?parent=35238"}],"wp:term":[{"taxonomy":"category","embeddable":true,"href":"https:\/\/www.cordobatimes.com\/deportes\/wp-json\/wp\/v2\/categories?post=35238"},{"taxonomy":"post_tag","embeddable":true,"href":"https:\/\/www.cordobatimes.com\/deportes\/wp-json\/wp\/v2\/tags?post=35238"}],"curies":[{"name":"wp","href":"https:\/\/api.w.org\/{rel}","templated":true}]}}