{"id":35212,"date":"2018-01-24T22:15:46","date_gmt":"2018-01-25T01:15:46","guid":{"rendered":"http:\/\/www.cordobatimes.com\/deportes\/?p=35212"},"modified":"2018-01-25T12:39:23","modified_gmt":"2018-01-25T15:39:23","slug":"belgrano-joel-amoroso-descartado-ante-olimpo","status":"publish","type":"post","link":"https:\/\/www.cordobatimes.com\/deportes\/futbol\/2018\/01\/24\/belgrano-joel-amoroso-descartado-ante-olimpo\/","title":{"rendered":"Belgrano: Joel Amoroso descartado ante Olimpo"},"content":{"rendered":"<h3><strong>Por una\u00a0lesi\u00f3n\u00a0en la rodilla, Amoroso queda descartado\u00a0para enfrentar a Olimpo el domingo 28 a las 17.<\/strong><\/h3>\n<p>A d\u00edas que comience la segunda parte de la s\u00faper liga argentina, Pablo Lavall\u00e9n, encontr\u00f3 un peque\u00f1o inconveniente. Amoroso no viaja a Buenos Aires.<\/p>\n<p>El jugador tiene una lesi\u00f3n en la rodilla. Seg\u00fan informo el parte medico del club, hoy esta descartado para enfrentar a los \u201cAurinegros\u201d.<\/p>\n<p>El volante ser\u00e1 sometido a estudios m\u00e9dicos para analizar cu\u00e1n grave es la situaci\u00f3n.<\/p>\n<p><strong>\u00bfQui\u00e9n lo reemplazar\u00e1?<\/strong><\/p>\n<p>El entrenador cuenta con dos variantes. El \u201cpibe\u201d Fabricio Brener o el santiague\u00f1o Leonardo Sequeira.<\/p>\n<p>Est\u00e9 jueves el entrenamiento ser\u00e1 a puertas cerradas y en el gigante de Alberdi, para desarrollar el ensayo general.<\/p>\n","protected":false},"excerpt":{"rendered":"<p>Por una\u00a0lesi\u00f3n\u00a0en la rodilla, Amoroso queda descartado\u00a0para enfrentar a Olimpo el domingo 28 a las 17. A d\u00edas que comience la segunda parte de la s\u00faper liga argentina, Pablo Lavall\u00e9n, encontr\u00f3 un peque\u00f1o inconveniente. Amoroso no viaja a Buenos Aires. El jugador tiene una lesi\u00f3n en la rodilla. Seg\u00fan informo el parte medico del club, [&hellip;]<\/p>\n","protected":false},"author":30,"featured_media":35232,"comment_status":"closed","ping_status":"closed","sticky":false,"template":"","format":"standard","meta":{"_seopress_robots_primary_cat":"","_seopress_titles_title":"","_seopress_titles_desc":"","_seopress_robots_index":"","footnotes":""},"categories":[2,16],"tags":[6329,6377,37,368,104],"class_list":["post-35212","post","type-post","status-publish","format-standard","has-post-thumbnail","hentry","category-futbol","category-primera-division","tag-6329","tag-amoroso","tag-belgrano","tag-lesion","tag-olimpo"],"_links":{"self":[{"href":"https:\/\/www.cordobatimes.com\/deportes\/wp-json\/wp\/v2\/posts\/35212","targetHints":{"allow":["GET"]}}],"collection":[{"href":"https:\/\/www.cordobatimes.com\/deportes\/wp-json\/wp\/v2\/posts"}],"about":[{"href":"https:\/\/www.cordobatimes.com\/deportes\/wp-json\/wp\/v2\/types\/post"}],"author":[{"embeddable":true,"href":"https:\/\/www.cordobatimes.com\/deportes\/wp-json\/wp\/v2\/users\/30"}],"replies":[{"embeddable":true,"href":"https:\/\/www.cordobatimes.com\/deportes\/wp-json\/wp\/v2\/comments?post=35212"}],"version-history":[{"count":0,"href":"https:\/\/www.cordobatimes.com\/deportes\/wp-json\/wp\/v2\/posts\/35212\/revisions"}],"wp:featuredmedia":[{"embeddable":true,"href":"https:\/\/www.cordobatimes.com\/deportes\/wp-json\/wp\/v2\/media\/35232"}],"wp:attachment":[{"href":"https:\/\/www.cordobatimes.com\/deportes\/wp-json\/wp\/v2\/media?parent=35212"}],"wp:term":[{"taxonomy":"category","embeddable":true,"href":"https:\/\/www.cordobatimes.com\/deportes\/wp-json\/wp\/v2\/categories?post=35212"},{"taxonomy":"post_tag","embeddable":true,"href":"https:\/\/www.cordobatimes.com\/deportes\/wp-json\/wp\/v2\/tags?post=35212"}],"curies":[{"name":"wp","href":"https:\/\/api.w.org\/{rel}","templated":true}]}}