{"id":34950,"date":"2018-01-08T19:40:48","date_gmt":"2018-01-08T22:40:48","guid":{"rendered":"http:\/\/www.cordobatimes.com\/deportes\/?p=34950"},"modified":"2018-01-08T19:40:48","modified_gmt":"2018-01-08T22:40:48","slug":"rally-dakar-2018-resumen-la-segunda-etapa","status":"publish","type":"post","link":"https:\/\/www.cordobatimes.com\/deportes\/automovilismo\/2018\/01\/08\/rally-dakar-2018-resumen-la-segunda-etapa\/","title":{"rendered":"Rally Dakar 2018: resumen de la segunda etapa"},"content":{"rendered":"<h3><strong>\u00a0La competencia sigui\u00f3 su camino en la ciudad de Pisco. El Qatar\u00ed Nasser Al Attiyah en autos, el brit\u00e1nico Sam Sunderlan en motos y el chileno Ignacio Casale en cuatriciclos y los checos Ales Loprais y\u00a0Lukas Janda, y el espa\u00f1ol\u00a0Ferran Marco Alcayna en camiones fueron los ganadores de la primera jornada. Repasamos los resultados del domingo.<\/strong><\/h3>\n<p>La segunda carrera finaliz\u00f3 y tuvo un recorrido de 279 km, de los cuales 267 fueron cronometrados. Seg\u00fan los participantes, la etapa fue m\u00e1s complicada que la primera, ya que fue casi \u00edntegramente sobre la arena.<\/p>\n<p><strong>Autos:<\/strong><\/p>\n<p>En esa instancia el franc\u00e9s Cyril Despres se adjudic\u00f3 el triunfo a bordo de su Peugeot seguido por su compatriota St\u00e9phane Peterhansel, mientras que el galo Sebastian Loeb cerr\u00f3 el podio. Con este resultado, Cyril Despres pas\u00f3 a dominar la general con\u00a02H 56\u2032 51&#8243;, relegando al segundo puesto a Al Attiyah. El argentino mejor ubicado es Orlando Terranova (X Raid Team), quien aparece en la quinta ubicaci\u00f3n de la tabla con una diferencia de\u00a0+ 00H 12\u2032 53&#8243; respecto del primero.<\/p>\n<p><strong>Motos:<\/strong><\/p>\n<p>El motociclista espa\u00f1ol Joan Barreda (Honda) se adjudic\u00f3 hoy la segunda etapa del\u00a0Dakar\u00a02018 y pas\u00f3 a liderar la competencia, completando los 267 kil\u00f3metros cronometrados que ten\u00eda la etapa en 2 horas, 56 minutos y 44 segundos, y acab\u00f3 por delante del franc\u00e9s Adrien Van Beveren (Yamaha), segundo a 2:54, y del austr\u00edaco Matthias Walkner (KTM), tercero a 4:24.o.<\/p>\n<p><strong>Cuatriciclos:<\/strong><\/p>\n<p>El chileno Ignacio Casale repiti\u00f3 el triunfo de la etapa inaugural y domina la categor\u00eda seguido de cerca por el ruso Sergei Karkiarin, vigente campe\u00f3n del\u00a0Dakar, que fue su escolta en esta etapa. Tercero fue el argentino Gast\u00f3n Gonz\u00e1lez.<\/p>\n<p><strong>Camiones:<\/strong><\/p>\n<p>Los ganadores fueron los rusos\u00a0Eduard Nikolaev, Evgeny Yakovlev, Vladimir Rybakov del equipo\u00a0 Kamaz-Master al completar la etapa en\u00a0 3\u00b0 24\u2032 23&#8243; y se ubican l\u00edderes en la general. Segundos este domingo terminaron los argentinos\u00a0Federico Villagra,\u00a0Adri\u00e1n Yacopini\u00a0y\u00a0Ricardo Torlaschi, del equipo YPF.<\/p>\n<h5><strong>Ciudad de Pisco: orgullo peruano<br \/>\n<\/strong><\/h5>\n<p>La ciudad de Pisco, se encuentra ubicada en la provincia del mismo nombre, que forma parte de la regi\u00f3n de Ica. Pisco es capital de la provincia en la cual se ubica y por lo que se conoce, la ciudad fue creada durante la Colonia, cuando ya hab\u00eda iniciado en a\u00f1o 1640.<\/p>\n<p>Entre los atractivos tur\u00edsticos que se sit\u00faan en la ciudad de Pisco, se encuentran, la zona del pueblo y la zona costera de la ciudad. El pueblo de Pisco, comprende entre sus recursos tur\u00edsticos a la Plaza de Armas de la ciudad, que es el punto de concentraci\u00f3n durante los principales eventos de la urbe.<\/p>\n<p>Como parte de la zona costera de Pisco, se encuentran tambi\u00e9n caletas y playas, como la caleta de pescadores de San Andr\u00e9s. Las playas que se hallan en la zona costera de Pisco, se encuentran rodeadas de diferentes restaurantes y puestos de comida, en los cuales se ofrece lo mejor de la gastronom\u00eda ique\u00f1a, elaborada con productos frescos, reci\u00e9n extra\u00eddos del mar.<\/p>\n<p>Pisco, es una ciudad importante, adem\u00e1s de por los diferentes recursos tur\u00edsticos que presenta, por la bebida bandera que se cre\u00f3 en su territorio y que por tal motivo, es conocida con el nombre de la ciudad: el pisco, un destilado de uva, de gran sabor y cuerpo que, seg\u00fan la historia, parecer\u00eda haber existido desde mediados del siglo XVI y que hoy en d\u00eda se ofrece, principalmente, en todas las bodegas de la ciudad y el pa\u00eds.<\/p>\n<p>Fuente: turismoi.pe<\/p>\n","protected":false},"excerpt":{"rendered":"<p>\u00a0La competencia sigui\u00f3 su camino en la ciudad de Pisco. El Qatar\u00ed Nasser Al Attiyah en autos, el brit\u00e1nico Sam Sunderlan en motos y el chileno Ignacio Casale en cuatriciclos y los checos Ales Loprais y\u00a0Lukas Janda, y el espa\u00f1ol\u00a0Ferran Marco Alcayna en camiones fueron los ganadores de la primera jornada. Repasamos los resultados del [&hellip;]<\/p>\n","protected":false},"author":20,"featured_media":34951,"comment_status":"closed","ping_status":"closed","sticky":false,"template":"","format":"standard","meta":{"_seopress_robots_primary_cat":"","_seopress_titles_title":"","_seopress_titles_desc":"","_seopress_robots_index":"","footnotes":""},"categories":[1,6341],"tags":[6340,5883,5882,6339],"class_list":["post-34950","post","type-post","status-publish","format-standard","has-post-thumbnail","hentry","category-automovilismo","category-dakar","tag-dakar","tag-dakar-2018","tag-rally","tag-rally-dakar-2018"],"_links":{"self":[{"href":"https:\/\/www.cordobatimes.com\/deportes\/wp-json\/wp\/v2\/posts\/34950","targetHints":{"allow":["GET"]}}],"collection":[{"href":"https:\/\/www.cordobatimes.com\/deportes\/wp-json\/wp\/v2\/posts"}],"about":[{"href":"https:\/\/www.cordobatimes.com\/deportes\/wp-json\/wp\/v2\/types\/post"}],"author":[{"embeddable":true,"href":"https:\/\/www.cordobatimes.com\/deportes\/wp-json\/wp\/v2\/users\/20"}],"replies":[{"embeddable":true,"href":"https:\/\/www.cordobatimes.com\/deportes\/wp-json\/wp\/v2\/comments?post=34950"}],"version-history":[{"count":0,"href":"https:\/\/www.cordobatimes.com\/deportes\/wp-json\/wp\/v2\/posts\/34950\/revisions"}],"wp:featuredmedia":[{"embeddable":true,"href":"https:\/\/www.cordobatimes.com\/deportes\/wp-json\/wp\/v2\/media\/34951"}],"wp:attachment":[{"href":"https:\/\/www.cordobatimes.com\/deportes\/wp-json\/wp\/v2\/media?parent=34950"}],"wp:term":[{"taxonomy":"category","embeddable":true,"href":"https:\/\/www.cordobatimes.com\/deportes\/wp-json\/wp\/v2\/categories?post=34950"},{"taxonomy":"post_tag","embeddable":true,"href":"https:\/\/www.cordobatimes.com\/deportes\/wp-json\/wp\/v2\/tags?post=34950"}],"curies":[{"name":"wp","href":"https:\/\/api.w.org\/{rel}","templated":true}]}}