{"id":34941,"date":"2018-01-07T01:38:58","date_gmt":"2018-01-07T04:38:58","guid":{"rendered":"http:\/\/www.cordobatimes.com\/deportes\/?p=34941"},"modified":"2018-01-07T01:44:21","modified_gmt":"2018-01-07T04:44:21","slug":"rally-dakar-2018-dia-1","status":"publish","type":"post","link":"https:\/\/www.cordobatimes.com\/deportes\/automovilismo\/2018\/01\/07\/rally-dakar-2018-dia-1\/","title":{"rendered":"Rally Dakar 2018: Dia 1"},"content":{"rendered":"<h3><strong>Motores en marcha. La edici\u00f3n N\u00ba 40 ( la 10\u00ba que se realiza en Sudam\u00e9rica) ya comenz\u00f3 y en este informe repasaremos lo m\u00e1s importante del d\u00eda.<\/strong><\/h3>\n<p>La m\u00edtica carrera puso primera en Per\u00fa. Arranc\u00f3 con una ceremonia y posterior presentaci\u00f3n de los veh\u00edculos competidores, donde los fan\u00e1ticos pudieron sacarse fotos y disfrutar m\u00e1s de cerca las motos, cuadriciclos, camiones y autos. La largada se llev\u00f3 a cabo en el distrito San Borja de Lima, donde se dirigieron a Pisco y as\u00ed finalizar el primer tramo cronometrado.<\/p>\n<p>Estos fueron los resultados de la jornada:<\/p>\n<p><strong>Autos<\/strong><\/p>\n<p>El catar\u00ed Nasser Al-Attiyah gan\u00f3\u00a0el primer especial en 21 minutos 51 segundos.\u00a0En segundo lugar, a 25 segundos del catar\u00ed, arrib\u00f3 el sudafricano Bernhard Ten Brinke, mientras que en tercer lugar lo hizo a 34 segundos del vencedor el peruano Nicolas Fuchs.<\/p>\n<p><strong>Motos<\/strong><\/p>\n<p>El brit\u00e1nico Sam Sunderland (KTM), vigente campe\u00f3n del Dakar, se impuso hoy y qued\u00f3 por delante del franc\u00e9s Adrien Van Beveren (Yamaha) y el chileno Pablo Quintanilla (Husqvarna), segundo y tercero, respectivamente.<\/p>\n<p><strong>Cuadriciclos<\/strong><\/p>\n<p>Todos los pilotos\u00a0llegaron a la meta y completaron la Etapa 1. El chileno Casale se qued\u00f3 con el primer puesto, seguido por el ruso Kariakin y el argentino Copetti.<\/p>\n<p>Recordemos que en esta edici\u00f3n 2018, tendr\u00e1 un total de 337 veh\u00edculos (525 participantes en total),\u00a0y pasar\u00e1 por Per\u00fa, Bolivia y Argentina, donde cerrar\u00e1 la aventura en C\u00f3rdoba con los dos \u00faltimos tramos: el 19 y 20 de enero respectivamente.<\/p>\n<p><strong><em>Etapas del Rally Dakar 2018:<\/em><\/strong><\/p>\n<p>6 de enero &#8211; Etapa 1: Lima &#8211; Pisco<br \/>\n7 de enero &#8211; Etapa 2: Pisco &#8211; Pisco<br \/>\n8 de enero &#8211; Etapa 3: Pisco &#8211; San Juan de Marcona<br \/>\n9 de enero &#8211; Etapa 4: San Juan de Marcona &#8211; San Juan de Marcona<br \/>\n10 de enero &#8211; Etapa 5: San Juan de Marcona &#8211; Arequipa<br \/>\n\u200b11 de enero &#8211; Etapa 6: Arequipa &#8211; La Paz<br \/>\n12 de enero &#8211; Jornada de descanso. La Paz<br \/>\n13 de enero &#8211; Etapa 7: La Paz &#8211; Uyuni<br \/>\n14 de enero &#8211; Etapa 8: Uyuni &#8211; Tupiza<br \/>\n15 de enero &#8211; Etapa 9: Tupiza &#8211; Salta<br \/>\n16 de enero &#8211; Etapa 10: Salta &#8211; Bel\u00e9n<br \/>\n17 de enero &#8211; Etapa 11: Bel\u00e9n &#8211; Chilecito<br \/>\n18 de enero &#8211; Etapa 12: Chilecito &#8211; San Juan<br \/>\n19 de enero &#8211; Etapa 13: San Juan &#8211; C\u00f3rdoba<br \/>\n20 de enero &#8211; Etapa 14: C\u00f3rdoba &#8211; C\u00f3rdoba<\/p>\n","protected":false},"excerpt":{"rendered":"<p>Motores en marcha. La edici\u00f3n N\u00ba 40 ( la 10\u00ba que se realiza en Sudam\u00e9rica) ya comenz\u00f3 y en este informe repasaremos lo m\u00e1s importante del d\u00eda. La m\u00edtica carrera puso primera en Per\u00fa. Arranc\u00f3 con una ceremonia y posterior presentaci\u00f3n de los veh\u00edculos competidores, donde los fan\u00e1ticos pudieron sacarse fotos y disfrutar m\u00e1s de [&hellip;]<\/p>\n","protected":false},"author":20,"featured_media":34943,"comment_status":"closed","ping_status":"closed","sticky":false,"template":"","format":"standard","meta":{"_seopress_robots_primary_cat":"","_seopress_titles_title":"","_seopress_titles_desc":"","_seopress_robots_index":"","footnotes":""},"categories":[1,6341],"tags":[6340,5883,5882,4742,6339],"class_list":["post-34941","post","type-post","status-publish","format-standard","has-post-thumbnail","hentry","category-automovilismo","category-dakar","tag-dakar","tag-dakar-2018","tag-rally","tag-rally-dakar","tag-rally-dakar-2018"],"_links":{"self":[{"href":"https:\/\/www.cordobatimes.com\/deportes\/wp-json\/wp\/v2\/posts\/34941","targetHints":{"allow":["GET"]}}],"collection":[{"href":"https:\/\/www.cordobatimes.com\/deportes\/wp-json\/wp\/v2\/posts"}],"about":[{"href":"https:\/\/www.cordobatimes.com\/deportes\/wp-json\/wp\/v2\/types\/post"}],"author":[{"embeddable":true,"href":"https:\/\/www.cordobatimes.com\/deportes\/wp-json\/wp\/v2\/users\/20"}],"replies":[{"embeddable":true,"href":"https:\/\/www.cordobatimes.com\/deportes\/wp-json\/wp\/v2\/comments?post=34941"}],"version-history":[{"count":0,"href":"https:\/\/www.cordobatimes.com\/deportes\/wp-json\/wp\/v2\/posts\/34941\/revisions"}],"wp:featuredmedia":[{"embeddable":true,"href":"https:\/\/www.cordobatimes.com\/deportes\/wp-json\/wp\/v2\/media\/34943"}],"wp:attachment":[{"href":"https:\/\/www.cordobatimes.com\/deportes\/wp-json\/wp\/v2\/media?parent=34941"}],"wp:term":[{"taxonomy":"category","embeddable":true,"href":"https:\/\/www.cordobatimes.com\/deportes\/wp-json\/wp\/v2\/categories?post=34941"},{"taxonomy":"post_tag","embeddable":true,"href":"https:\/\/www.cordobatimes.com\/deportes\/wp-json\/wp\/v2\/tags?post=34941"}],"curies":[{"name":"wp","href":"https:\/\/api.w.org\/{rel}","templated":true}]}}