{"id":34936,"date":"2018-01-06T15:50:42","date_gmt":"2018-01-06T18:50:42","guid":{"rendered":"http:\/\/www.cordobatimes.com\/deportes\/?p=34936"},"modified":"2018-01-06T15:50:42","modified_gmt":"2018-01-06T18:50:42","slug":"seleccion-argentina-estos-los-52-jugadores-sampaoli-la-mira-mundial","status":"publish","type":"post","link":"https:\/\/www.cordobatimes.com\/deportes\/futbol\/2018\/01\/06\/seleccion-argentina-estos-los-52-jugadores-sampaoli-la-mira-mundial\/","title":{"rendered":"Selecci\u00f3n Argentina: Estos son los 52 jugadores que Sampaoli tiene en la mira para el Mundial"},"content":{"rendered":"<h3><strong>El entrenador del seleccionado, dio la lista de los 52 jugadores que tiene en carpeta para ir al mundial, en unos meses dar\u00e1 la lista de 30 y luego recortar\u00e1 7 m\u00e1s, para quedar conformados los 23 que ir\u00e1n a Rusia.<\/strong><\/h3>\n<p><strong>Los 52 en lista:<\/strong><\/p>\n<p><img decoding=\"async\" src=\"https:\/\/www.infobae.com\/new-resizer\/UInkbH3EqhM2c0KQq7LXDOXfS_8=\/600x0\/filters:quality(100)\/s3.amazonaws.com\/arc-wordpress-client-uploads\/infobae-wp\/wp-content\/uploads\/2018\/01\/03155702\/Los-52-nombres-de-Sampaoli-1920.jpg\" \/><\/p>\n","protected":false},"excerpt":{"rendered":"<p>El entrenador del seleccionado, dio la lista de los 52 jugadores que tiene en carpeta para ir al mundial, en unos meses dar\u00e1 la lista de 30 y luego recortar\u00e1 7 m\u00e1s, para quedar conformados los 23 que ir\u00e1n a Rusia. Los 52 en lista:<\/p>\n","protected":false},"author":27,"featured_media":33926,"comment_status":"closed","ping_status":"closed","sticky":false,"template":"","format":"standard","meta":{"_seopress_robots_primary_cat":"","_seopress_titles_title":"","_seopress_titles_desc":"","_seopress_robots_index":"","footnotes":""},"categories":[2,5905,5904],"tags":[64,2906,5538,3712,542],"class_list":["post-34936","post","type-post","status-publish","format-standard","has-post-thumbnail","hentry","category-futbol","category-mundial-rusia-2018","category-seleccion-argentina","tag-futbol-2","tag-lista-de-convocados","tag-mundial-de-rusia-2018","tag-sampaoli","tag-seleccion-argentina"],"_links":{"self":[{"href":"https:\/\/www.cordobatimes.com\/deportes\/wp-json\/wp\/v2\/posts\/34936","targetHints":{"allow":["GET"]}}],"collection":[{"href":"https:\/\/www.cordobatimes.com\/deportes\/wp-json\/wp\/v2\/posts"}],"about":[{"href":"https:\/\/www.cordobatimes.com\/deportes\/wp-json\/wp\/v2\/types\/post"}],"author":[{"embeddable":true,"href":"https:\/\/www.cordobatimes.com\/deportes\/wp-json\/wp\/v2\/users\/27"}],"replies":[{"embeddable":true,"href":"https:\/\/www.cordobatimes.com\/deportes\/wp-json\/wp\/v2\/comments?post=34936"}],"version-history":[{"count":0,"href":"https:\/\/www.cordobatimes.com\/deportes\/wp-json\/wp\/v2\/posts\/34936\/revisions"}],"wp:featuredmedia":[{"embeddable":true,"href":"https:\/\/www.cordobatimes.com\/deportes\/wp-json\/wp\/v2\/media\/33926"}],"wp:attachment":[{"href":"https:\/\/www.cordobatimes.com\/deportes\/wp-json\/wp\/v2\/media?parent=34936"}],"wp:term":[{"taxonomy":"category","embeddable":true,"href":"https:\/\/www.cordobatimes.com\/deportes\/wp-json\/wp\/v2\/categories?post=34936"},{"taxonomy":"post_tag","embeddable":true,"href":"https:\/\/www.cordobatimes.com\/deportes\/wp-json\/wp\/v2\/tags?post=34936"}],"curies":[{"name":"wp","href":"https:\/\/api.w.org\/{rel}","templated":true}]}}