{"id":34667,"date":"2017-11-30T01:00:31","date_gmt":"2017-11-30T04:00:31","guid":{"rendered":"http:\/\/www.cordobatimes.com\/deportes\/?p=34667"},"modified":"2017-11-30T13:28:48","modified_gmt":"2017-11-30T16:28:48","slug":"noche-los-museos-gigante-alberdi","status":"publish","type":"post","link":"https:\/\/www.cordobatimes.com\/deportes\/futbol\/2017\/11\/30\/noche-los-museos-gigante-alberdi\/","title":{"rendered":"Noche de los Museos en el Gigante de Alberdi"},"content":{"rendered":"<h3><strong>Este viernes 01 de Diciembre desde las 00 hs, el estadio Julio Cesar Villagra del Club Atl\u00e9tico Belgrano, ser\u00e1 nuevamente una de las sedes de La Noche de los Museos.<\/strong><\/h3>\n<p>En el Gigante de Alberdi, tendr\u00e1 lugar una gran experiencia donde una muestra interactiva que, adem\u00e1s de incluir la exhibici\u00f3n de objetos relacionados con la historia del club, tendr\u00e1 visitas guiadas dentro del propio estadio con accesos a los vestuarios y al campo de juego.<\/p>\n<p>La actividad cuenta con el apoyo de la Universidad Nacional de C\u00f3rdoba y la Municipalidad y la provincia de C\u00f3rdoba,\u00a0 que son los organizadores principales de esta agenda.<\/p>\n<p>La entrada ser\u00e1 libre y gratuita, y el ingreso ser\u00e1 por la calle Hualfin sobre la nueva tribuna Tomas \u201cTito\u201d Cuellar.<\/p>\n<p><iframe loading=\"lazy\" width=\"696\" height=\"392\" src=\"https:\/\/www.youtube.com\/embed\/iFx6BwVaFm0?feature=oembed\" frameborder=\"0\" allow=\"autoplay; encrypted-media\" allowfullscreen><\/iframe><\/p>\n","protected":false},"excerpt":{"rendered":"<p>Este viernes 01 de Diciembre desde las 00 hs, el estadio Julio Cesar Villagra del Club Atl\u00e9tico Belgrano, ser\u00e1 nuevamente una de las sedes de La Noche de los Museos. En el Gigante de Alberdi, tendr\u00e1 lugar una gran experiencia donde una muestra interactiva que, adem\u00e1s de incluir la exhibici\u00f3n de objetos relacionados con la [&hellip;]<\/p>\n","protected":false},"author":30,"featured_media":34669,"comment_status":"closed","ping_status":"closed","sticky":false,"template":"","format":"standard","meta":{"_seopress_robots_primary_cat":"","_seopress_titles_title":"","_seopress_titles_desc":"","_seopress_robots_index":"","footnotes":""},"categories":[2,16],"tags":[6058,6293,37,6292],"class_list":["post-34667","post","type-post","status-publish","format-standard","has-post-thumbnail","hentry","category-futbol","category-primera-division","tag-6058","tag-2da-edicion","tag-belgrano","tag-noche-de-los-museos"],"_links":{"self":[{"href":"https:\/\/www.cordobatimes.com\/deportes\/wp-json\/wp\/v2\/posts\/34667","targetHints":{"allow":["GET"]}}],"collection":[{"href":"https:\/\/www.cordobatimes.com\/deportes\/wp-json\/wp\/v2\/posts"}],"about":[{"href":"https:\/\/www.cordobatimes.com\/deportes\/wp-json\/wp\/v2\/types\/post"}],"author":[{"embeddable":true,"href":"https:\/\/www.cordobatimes.com\/deportes\/wp-json\/wp\/v2\/users\/30"}],"replies":[{"embeddable":true,"href":"https:\/\/www.cordobatimes.com\/deportes\/wp-json\/wp\/v2\/comments?post=34667"}],"version-history":[{"count":0,"href":"https:\/\/www.cordobatimes.com\/deportes\/wp-json\/wp\/v2\/posts\/34667\/revisions"}],"wp:featuredmedia":[{"embeddable":true,"href":"https:\/\/www.cordobatimes.com\/deportes\/wp-json\/wp\/v2\/media\/34669"}],"wp:attachment":[{"href":"https:\/\/www.cordobatimes.com\/deportes\/wp-json\/wp\/v2\/media?parent=34667"}],"wp:term":[{"taxonomy":"category","embeddable":true,"href":"https:\/\/www.cordobatimes.com\/deportes\/wp-json\/wp\/v2\/categories?post=34667"},{"taxonomy":"post_tag","embeddable":true,"href":"https:\/\/www.cordobatimes.com\/deportes\/wp-json\/wp\/v2\/tags?post=34667"}],"curies":[{"name":"wp","href":"https:\/\/api.w.org\/{rel}","templated":true}]}}