{"id":34635,"date":"2017-11-27T22:38:08","date_gmt":"2017-11-28T01:38:08","guid":{"rendered":"http:\/\/www.cordobatimes.com\/deportes\/?p=34635"},"modified":"2017-11-27T22:38:08","modified_gmt":"2017-11-28T01:38:08","slug":"macri-garantizo-la-continuidad-del-enard","status":"publish","type":"post","link":"https:\/\/www.cordobatimes.com\/deportes\/polideportivo\/2017\/11\/27\/macri-garantizo-la-continuidad-del-enard\/","title":{"rendered":"Macri garantiz\u00f3 la continuidad del Enard"},"content":{"rendered":"<h3><strong>El presidente\u00a0anunci\u00f3 una partida de $ 900 millones para 2018.<\/strong><\/h3>\n<p>El presidente\u00a0<strong>Mauricio Macri<\/strong>\u00a0garantiz\u00f3 hoy la continuidad del\u00a0<strong>Ente Nacional de Alto Rendimiento Deportivo (Enard)<\/strong>\u00a0y anunci\u00f3 una partida de 900 millones de pesos para 2018 que saldr\u00e1 del Tesoro Nacional.<\/p>\n<p>El primer mandatario expres\u00f3 ese compromiso durante una reuni\u00f3n que mantuvo en la Quinta de Olivos con el presidente del Comit\u00e9 Ol\u00edmpico Argentino (COA), Gerardo Werthein, y un grupo de deportistas ol\u00edmpicos. Werthein, que adem\u00e1s ostenta la presidencia del Enard, se mostr\u00f3 &#8220;muy contento y conforme&#8221; con la propuesta de Macri, a quien reconoci\u00f3 como &#8220;un hombre muy identificado con el deporte&#8221;.<\/p>\n<p>En di\u00e1logo con\u00a0<strong>T\u00e9lam<\/strong>, el titular del COA explic\u00f3 que desde el a\u00f1o pr\u00f3ximo se eliminar\u00e1 el financiamiento del desarrollo deportivo mediante el pago del 1 por ciento en la facturaci\u00f3n de la telefon\u00eda celular pero que &#8220;se mantendr\u00e1 la Ley del Enard&#8221;, por lo que esa entidad no perder\u00e1 su autonom\u00eda.<\/p>\n<p>Desde su creaci\u00f3n en 2009, su objetivo se concentr\u00f3 en implementar y desarrollar pol\u00edticas para brindarle a los atletas los recursos necesarios para entrenarse y desarrollarse a trav\u00e9s del financiamiento con un impuesto a la telefon\u00eda celular, algo que quedar\u00e1 suspendido con la nueva reforma tributaria.<\/p>\n<p>&#8220;Queda totalmente despejado el temor de que el Enard quede subordinado a la pol\u00edtica. Seguir\u00e1 siendo un ente aut\u00e1rquico y su partida anual se incrementar\u00e1 en relaci\u00f3n al \u00edndice de actualizaci\u00f3n del Presupuesto Nacional cada a\u00f1o&#8221;, asegur\u00f3 Werthein a T\u00e9lam al salir de la reuni\u00f3n en Olivos.<\/p>\n<p>El dirigente deportivo inform\u00f3 que el dinero ser\u00e1 transferido por el Tesoro Nacional &#8220;directamente al Enard en cuotas mensuales, iguales y consecutivas&#8221;.<\/p>\n<p>&#8220;El presidente nos pidi\u00f3 que seamos muy austeros en el manejo del dinero y a eso nos comprometimos, como siempre lo hemos hecho desde su nacimiento&#8221;, apunt\u00f3.<\/p>\n<p>Durante la reuni\u00f3n en la Quinta Presidencial, Macri les dijo a los deportistas: ?Nadie m\u00e1s que ustedes saben lo que significa romperse el alma para lograr sus objetivos. Por ese motivo tenemos que cuidar el dinero que sale de los impuestos de los ciudadanos?.<\/p>\n<p>Del encuentro en la residencia de Olivos participaron Werthein; el secretario general de la Presidencia, Fernando de Andreis; el secretario de Deporte, Carlos Mac Allister, y los campeones ol\u00edmpicos Santiago Lange (yachting), Cecilia Carranza (yachting), Paula Pareto (Judo), Pedro Ibarra (hockey), Sebasti\u00e1n Crismanich (taekwondo) y Walter P\u00e9rez (ciclismo), entre otros.<\/p>\n<p><strong>Fuente: Mundo D<\/strong><\/p>\n","protected":false},"excerpt":{"rendered":"<p>El presidente\u00a0anunci\u00f3 una partida de $ 900 millones para 2018. El presidente\u00a0Mauricio Macri\u00a0garantiz\u00f3 hoy la continuidad del\u00a0Ente Nacional de Alto Rendimiento Deportivo (Enard)\u00a0y anunci\u00f3 una partida de 900 millones de pesos para 2018 que saldr\u00e1 del Tesoro Nacional. El primer mandatario expres\u00f3 ese compromiso durante una reuni\u00f3n que mantuvo en la Quinta de Olivos con [&hellip;]<\/p>\n","protected":false},"author":27,"featured_media":34636,"comment_status":"closed","ping_status":"closed","sticky":false,"template":"","format":"standard","meta":{"_seopress_robots_primary_cat":"","_seopress_titles_title":"","_seopress_titles_desc":"","_seopress_robots_index":"","footnotes":""},"categories":[6],"tags":[6287,6286,6285,1084],"class_list":["post-34635","post","type-post","status-publish","format-standard","has-post-thumbnail","hentry","category-polideportivo","tag-atletas-olimpicos","tag-deportes-olimpicos","tag-enard","tag-macri"],"_links":{"self":[{"href":"https:\/\/www.cordobatimes.com\/deportes\/wp-json\/wp\/v2\/posts\/34635","targetHints":{"allow":["GET"]}}],"collection":[{"href":"https:\/\/www.cordobatimes.com\/deportes\/wp-json\/wp\/v2\/posts"}],"about":[{"href":"https:\/\/www.cordobatimes.com\/deportes\/wp-json\/wp\/v2\/types\/post"}],"author":[{"embeddable":true,"href":"https:\/\/www.cordobatimes.com\/deportes\/wp-json\/wp\/v2\/users\/27"}],"replies":[{"embeddable":true,"href":"https:\/\/www.cordobatimes.com\/deportes\/wp-json\/wp\/v2\/comments?post=34635"}],"version-history":[{"count":0,"href":"https:\/\/www.cordobatimes.com\/deportes\/wp-json\/wp\/v2\/posts\/34635\/revisions"}],"wp:featuredmedia":[{"embeddable":true,"href":"https:\/\/www.cordobatimes.com\/deportes\/wp-json\/wp\/v2\/media\/34636"}],"wp:attachment":[{"href":"https:\/\/www.cordobatimes.com\/deportes\/wp-json\/wp\/v2\/media?parent=34635"}],"wp:term":[{"taxonomy":"category","embeddable":true,"href":"https:\/\/www.cordobatimes.com\/deportes\/wp-json\/wp\/v2\/categories?post=34635"},{"taxonomy":"post_tag","embeddable":true,"href":"https:\/\/www.cordobatimes.com\/deportes\/wp-json\/wp\/v2\/tags?post=34635"}],"curies":[{"name":"wp","href":"https:\/\/api.w.org\/{rel}","templated":true}]}}