{"id":34448,"date":"2017-11-16T14:37:29","date_gmt":"2017-11-16T17:37:29","guid":{"rendered":"http:\/\/www.cordobatimes.com\/deportes\/?p=34448"},"modified":"2017-11-16T14:37:29","modified_gmt":"2017-11-16T17:37:29","slug":"mundial-rusia-2018-todos-los-clasificados","status":"publish","type":"post","link":"https:\/\/www.cordobatimes.com\/deportes\/futbol\/2017\/11\/16\/mundial-rusia-2018-todos-los-clasificados\/","title":{"rendered":"Mundial de Rusia 2018: Todos los clasificados"},"content":{"rendered":"<h3><strong>Luego de la hist\u00f3rica clasificaci\u00f3n de Per\u00fa en el repechaje ante Nueva Zelanda, quedaron determinadas las 32 Selecciones para Rusia 2018. Estos son los clasificados.<\/strong><\/h3>\n<p><strong>Sudam\u00e9rica:<\/strong><\/p>\n<ol>\n<li><strong>Brasil\u00a0<\/strong><\/li>\n<li><strong>Uruguay<\/strong><\/li>\n<li><strong>Argentina<\/strong><\/li>\n<li><strong>Colombia<\/strong><\/li>\n<li><strong>Per\u00fa<\/strong><\/li>\n<\/ol>\n<p><strong>Europa:<\/strong><\/p>\n<ul>\n<li><strong>Rusia<\/strong><\/li>\n<li><strong>Francia<\/strong><\/li>\n<li><strong>Portugal<\/strong><\/li>\n<li><strong>Alemania<\/strong><\/li>\n<li><strong>Serbia<\/strong><\/li>\n<li><strong>Polonia<\/strong><\/li>\n<li><strong>Inglaterra<\/strong><\/li>\n<li><strong>Espa\u00f1a<\/strong><\/li>\n<li><strong>B\u00e9lgica<\/strong><\/li>\n<li><strong>Islandia<\/strong><\/li>\n<li><strong>Suiza<\/strong><\/li>\n<li><strong>Suecia<\/strong><\/li>\n<li><strong>Croacia<\/strong><\/li>\n<li><strong>Din\u00e1marca<\/strong><\/li>\n<\/ul>\n<p><strong>\u00c1frica:<\/strong><\/p>\n<ol>\n<li><strong>Nigeria<\/strong><\/li>\n<li><strong>Egipto<\/strong><\/li>\n<li><strong>Senegal<\/strong><\/li>\n<li><strong>Tunez<\/strong><\/li>\n<li><strong>Marruecos<\/strong><\/li>\n<\/ol>\n<p><strong>Asia:<\/strong><\/p>\n<ul>\n<li><strong>Ir\u00e1n<\/strong><\/li>\n<li><strong>Jap\u00f3n<\/strong><\/li>\n<li><strong>Corea del Sur<\/strong><\/li>\n<li><strong>Arabia Saudita<\/strong><\/li>\n<li><strong>Australia<\/strong><\/li>\n<\/ul>\n<p><strong>Am\u00e9rica del Norte, Centro y Caribe:<\/strong><\/p>\n<ol>\n<li><strong>M\u00e9xico<\/strong><\/li>\n<li><strong>Costa Rica<\/strong><\/li>\n<li><strong>Panam\u00e1<\/strong><\/li>\n<\/ol>\n","protected":false},"excerpt":{"rendered":"<p>Luego de la hist\u00f3rica clasificaci\u00f3n de Per\u00fa en el repechaje ante Nueva Zelanda, quedaron determinadas las 32 Selecciones para Rusia 2018. Estos son los clasificados. Sudam\u00e9rica: Brasil\u00a0 Uruguay Argentina Colombia Per\u00fa Europa: Rusia Francia Portugal Alemania Serbia Polonia Inglaterra Espa\u00f1a B\u00e9lgica Islandia Suiza Suecia Croacia Din\u00e1marca \u00c1frica: Nigeria Egipto Senegal Tunez Marruecos Asia: Ir\u00e1n Jap\u00f3n [&hellip;]<\/p>\n","protected":false},"author":27,"featured_media":33960,"comment_status":"closed","ping_status":"closed","sticky":false,"template":"","format":"standard","meta":{"_seopress_robots_primary_cat":"","_seopress_titles_title":"","_seopress_titles_desc":"","_seopress_robots_index":"","footnotes":""},"categories":[2,18,5905],"tags":[6211,64,5538,6261],"class_list":["post-34448","post","type-post","status-publish","format-standard","has-post-thumbnail","hentry","category-futbol","category-futbol-internacional","category-mundial-rusia-2018","tag-clasificados","tag-futbol-2","tag-mundial-de-rusia-2018","tag-selecciones"],"_links":{"self":[{"href":"https:\/\/www.cordobatimes.com\/deportes\/wp-json\/wp\/v2\/posts\/34448","targetHints":{"allow":["GET"]}}],"collection":[{"href":"https:\/\/www.cordobatimes.com\/deportes\/wp-json\/wp\/v2\/posts"}],"about":[{"href":"https:\/\/www.cordobatimes.com\/deportes\/wp-json\/wp\/v2\/types\/post"}],"author":[{"embeddable":true,"href":"https:\/\/www.cordobatimes.com\/deportes\/wp-json\/wp\/v2\/users\/27"}],"replies":[{"embeddable":true,"href":"https:\/\/www.cordobatimes.com\/deportes\/wp-json\/wp\/v2\/comments?post=34448"}],"version-history":[{"count":0,"href":"https:\/\/www.cordobatimes.com\/deportes\/wp-json\/wp\/v2\/posts\/34448\/revisions"}],"wp:featuredmedia":[{"embeddable":true,"href":"https:\/\/www.cordobatimes.com\/deportes\/wp-json\/wp\/v2\/media\/33960"}],"wp:attachment":[{"href":"https:\/\/www.cordobatimes.com\/deportes\/wp-json\/wp\/v2\/media?parent=34448"}],"wp:term":[{"taxonomy":"category","embeddable":true,"href":"https:\/\/www.cordobatimes.com\/deportes\/wp-json\/wp\/v2\/categories?post=34448"},{"taxonomy":"post_tag","embeddable":true,"href":"https:\/\/www.cordobatimes.com\/deportes\/wp-json\/wp\/v2\/tags?post=34448"}],"curies":[{"name":"wp","href":"https:\/\/api.w.org\/{rel}","templated":true}]}}