{"id":34413,"date":"2017-11-14T00:25:02","date_gmt":"2017-11-14T03:25:02","guid":{"rendered":"http:\/\/www.cordobatimes.com\/deportes\/?p=34413"},"modified":"2017-11-14T00:25:02","modified_gmt":"2017-11-14T03:25:02","slug":"los-leones-elegidos-la-final-la-liga-mundial","status":"publish","type":"post","link":"https:\/\/www.cordobatimes.com\/deportes\/hockey\/2017\/11\/14\/los-leones-elegidos-la-final-la-liga-mundial\/","title":{"rendered":"Los Leones elegidos para la final de La Liga Mundial"},"content":{"rendered":"<h3><strong>Carlos Retegui dio a conocer la n\u00f3mina de jugadores que disputar\u00e1n la fase final de la Liga Mundial en Bhubaneswar, del 1 al 10 de diciembre.<\/strong><\/h3>\n<p>Carlos Retegui dio a conocer los 18 jugadores que disputar\u00e1n la fase final de la Liga Mundial en India, certamen al que los Leones llegan como n\u00famero uno del ranking mundial, buscando una nueva haza\u00f1a tras la medalla ol\u00edmpica de R\u00edo de Janeiro 2016 y con ello mejorar el quinto lugar en el que finalizaron en la edici\u00f3n 2015.<\/p>\n<p>Habr\u00e1 dos debutantes en Liga Mundial: Santiago Tarazona y Marc Ganly, mientras que 10 de los 18 jugar\u00e1n su tercera final de liga Mundial: Juan Manuel Vivaldi, Juan Ignacio Gilardi, Juan Mart\u00edn L\u00f3pez, Gonzalo Peillat, Ignacio Ortiz, Lucas Rossi, Mat\u00edas Rey, Mat\u00edas Paredes, Lucas Vila y Agust\u00edn Mazzilli.<\/p>\n<p>Los Leones conformar\u00e1n el Grupo A junto a B\u00e9lgica (5\u00b0), Holanda (4\u00b0) y Espa\u00f1a (9\u00b0). El Grupo B, en tanto, lo conformar\u00e1n Australia -2\u00b0 y defensor del t\u00edtulo-, Inglaterra (7\u00b0), Alemania (3\u00b0) e India (6\u00b0).<\/p>\n<p>El primer rival de los Leones en la fase final de la Liga Mundial que tendr\u00e1 lugar en Bhubaneswar en diciembre pr\u00f3ximo ser\u00e1 un viejo conocido. Al igual que en la definici\u00f3n ol\u00edmpica de R\u00edo de Janeiro 2016, B\u00e9lgica y Argentina chocar\u00e1n entre s\u00ed, esta vez en el marco de la primera fecha del certamen internacional. El encuentro est\u00e1 pautado para el s\u00e1bado 2 de e iniciar\u00e1 a las 3.30 am de nuestro pa\u00eds. Argentina conformar\u00e1 el Grupo A y en la segunda fecha -domingo 3- se medir\u00e1 ante Holanda a partir de las 11hs.\u00a0 El martes 5, en lo que ser\u00e1 la \u00faltima jornada de la primera ronda, el conjunto dirigido por Retegui jugar\u00e1 ante Espa\u00f1a, a las 9 hs de Argentina.<\/p>\n<p><strong>Jugadores convocados:<\/strong><\/p>\n<p>1. Juan Manuel Vivaldi<br \/>\n2. Agust\u00edn Abratte<br \/>\n3. Juan Ignacio Gilardi<br \/>\n4. Juan Mart\u00edn L\u00f3pez<br \/>\n5. Gonzalo Peillat<br \/>\n6. Nahuel Salis<br \/>\n7. Ignacio Ortiz<br \/>\n8. Lucas Rossi<br \/>\n9. Mat\u00edas Rey<br \/>\n10. Diego Paz<br \/>\n11. Santiago Tarazona<br \/>\n12. Marc Ganly<br \/>\n13. Mat\u00edas Paredes<br \/>\n14. Lucas Vila<br \/>\n15. Agust\u00edn Mazzilli<br \/>\n16. Maico Casella<br \/>\n17. Alan Andino<br \/>\n18. Agust\u00edn Bugallo<\/p>\n<p><strong>Fuente:Prensa CAH.<\/strong><\/p>\n","protected":false},"excerpt":{"rendered":"<p>Carlos Retegui dio a conocer la n\u00f3mina de jugadores que disputar\u00e1n la fase final de la Liga Mundial en Bhubaneswar, del 1 al 10 de diciembre. Carlos Retegui dio a conocer los 18 jugadores que disputar\u00e1n la fase final de la Liga Mundial en India, certamen al que los Leones llegan como n\u00famero uno del [&hellip;]<\/p>\n","protected":false},"author":27,"featured_media":32661,"comment_status":"closed","ping_status":"closed","sticky":false,"template":"","format":"standard","meta":{"_seopress_robots_primary_cat":"","_seopress_titles_title":"","_seopress_titles_desc":"","_seopress_robots_index":"","footnotes":""},"categories":[5,6],"tags":[5560,3197,2830,1490,6047],"class_list":["post-34413","post","type-post","status-publish","format-standard","has-post-thumbnail","hentry","category-hockey","category-polideportivo","tag-hockey","tag-hockey-masculino","tag-leones","tag-liga-mundial","tag-polideportivo"],"_links":{"self":[{"href":"https:\/\/www.cordobatimes.com\/deportes\/wp-json\/wp\/v2\/posts\/34413","targetHints":{"allow":["GET"]}}],"collection":[{"href":"https:\/\/www.cordobatimes.com\/deportes\/wp-json\/wp\/v2\/posts"}],"about":[{"href":"https:\/\/www.cordobatimes.com\/deportes\/wp-json\/wp\/v2\/types\/post"}],"author":[{"embeddable":true,"href":"https:\/\/www.cordobatimes.com\/deportes\/wp-json\/wp\/v2\/users\/27"}],"replies":[{"embeddable":true,"href":"https:\/\/www.cordobatimes.com\/deportes\/wp-json\/wp\/v2\/comments?post=34413"}],"version-history":[{"count":0,"href":"https:\/\/www.cordobatimes.com\/deportes\/wp-json\/wp\/v2\/posts\/34413\/revisions"}],"wp:featuredmedia":[{"embeddable":true,"href":"https:\/\/www.cordobatimes.com\/deportes\/wp-json\/wp\/v2\/media\/32661"}],"wp:attachment":[{"href":"https:\/\/www.cordobatimes.com\/deportes\/wp-json\/wp\/v2\/media?parent=34413"}],"wp:term":[{"taxonomy":"category","embeddable":true,"href":"https:\/\/www.cordobatimes.com\/deportes\/wp-json\/wp\/v2\/categories?post=34413"},{"taxonomy":"post_tag","embeddable":true,"href":"https:\/\/www.cordobatimes.com\/deportes\/wp-json\/wp\/v2\/tags?post=34413"}],"curies":[{"name":"wp","href":"https:\/\/api.w.org\/{rel}","templated":true}]}}