{"id":34345,"date":"2017-11-05T01:15:23","date_gmt":"2017-11-05T04:15:23","guid":{"rendered":"http:\/\/www.cordobatimes.com\/deportes\/?p=34345"},"modified":"2017-11-05T01:15:23","modified_gmt":"2017-11-05T04:15:23","slug":"la-t-y-racing-a-mano-en-avellaneda","status":"publish","type":"post","link":"https:\/\/www.cordobatimes.com\/deportes\/futbol\/2017\/11\/05\/la-t-y-racing-a-mano-en-avellaneda\/","title":{"rendered":"La &#8220;T&#8221; y Racing, a mano en Avellaneda"},"content":{"rendered":"<h3><strong>Talleres empat\u00f3 frente a la &#8220;Academia&#8221; 1-1 y es\u00a0el \u00fanico escolta de la Superliga. Marcelo Torres adelant\u00f3 a la visita mientras que Andr\u00e9s Ibarguen igual\u00f3 el marcador.<\/strong><\/h3>\n<p>El equipo de Frank Dar\u00edo Kudelka se trajo un punto en su visita por Avellaneda. A lo largo del partido fue superior pero no fue contundente y desaprovech\u00f3 numerosas situaciones claras de gol.<\/p>\n<p>En el primer tiempo, el &#8220;Albiazul&#8221; se hizo due\u00f1o de la pelota y a trav\u00e9s de Joao Rojas y Jonathan Men\u00e9ndez generaron jugadas claves de gol. Sin embargo la escasez de precisi\u00f3n y la gran actuaci\u00f3n del &#8220;1&#8221; local, Juan Musso, impidieron la apertura del marcador.<\/p>\n<p>El gol reci\u00e9n llegar\u00eda en el despertar del segundo tiempo cuando Rojas asisti\u00f3 al &#8220;Chelo&#8221; Torres, quien a los 8 minutos marc\u00f3 su tercer gol con la &#8220;casaca&#8221; de la &#8220;T&#8221;. Sin embargo, promediando el complemento el colombiano Ibarguen empat\u00f3 el encuentro.<\/p>\n<p>Emanuel Reynoso y Nicol\u00e1s Oroz se fueron expulsados. &#8220;Bebelo&#8221; por un codazo al ex jugador de Belgrano, Renzo Zaravia. Mientras que el ex jugador de Chacarita se fue a las duchas antes de tiempo por una fuerte patada sobre Javier Gandolfi.<\/p>\n<p><strong>FORMACIONES<\/strong><\/p>\n<p><strong>Racing:\u00a0<\/strong>Juan Musso; Iv\u00e1n Pillud, Sergio Vittor, Miguel Barbieri, Alexis Soto; Augusto Solari, Mat\u00edas Zaracho, Marcelo Meli, Andr\u00e9s Ibarguen; Lautaro Mart\u00ednez, Lisandro L\u00f3pez.<\/p>\n<p><strong>DT:\u00a0<\/strong>Diego Cocca.<\/p>\n<p><strong>Talleres:\u00a0<\/strong>Guido Herrera; Leonardo Godoy, Juan Cruz Komar, Javier Gandolfi, Lucas Olaza; Pablo Gui\u00f1az\u00fa, Emanuel Reynoso, Juan Ram\u00edrez; Jonathan Men\u00e9ndez, Marcelo Torres, Joao Rojas.<\/p>\n<p><strong>DT:\u00a0<\/strong>Frank Dar\u00edo Kudelka.<\/p>\n<p>&nbsp;<\/p>\n<p><strong>S\u00cdNTESIS<\/strong><\/p>\n<p><strong>Goles: <\/strong>En el segundo tiempo; a los 8&#8242;, Marcelo Torres (TAL); a los 21&#8242;, Andr\u00e9s Ibarguen (RAC).<\/p>\n<p><strong>Amonestados:\u00a0<\/strong>Zaracho, Barbieri, Meli, L\u00f3pez, Vittor (RAC). Gandolfi, Olaza, Godoy (TAL).<\/p>\n<p><strong>Expulsados: <\/strong>En el segundo tiempo; a los 25&#8242;,\u00a0Emanuel Reynoso (TAL); a los 38&#8242;, Nicol\u00e1s Oroz (RAC).<\/p>\n<p><strong>Cambios:\u00a0<\/strong>En el segundo tiempo; a los 2&#8242;, Renzo Saravia por Iv\u00e1n Pillud (RAC); A los 20&#8242;, Maximiliano Cuadra por Augusto Solari (RAC); A los 28&#8242;, Fernando Godoy por Jonathan Men\u00e9ndez (TAL); A los 34&#8242;, Nicol\u00e1s Oroz por Marcelo Meli (RAC); A los 44&#8242;, Mauro Ort\u00edz por Joao Rojas (TAL); A los 45&#8242;, Junior Arias por Marcelo Torres (TAL).<\/p>\n<p><strong>\u00c1rbitro:\u00a0<\/strong>Fernando Rapallini.<\/p>\n<p><strong>Estadio:\u00a0<\/strong>Juan Domingo Per\u00f3n, Avellaneda, Buenos Aires.<\/p>\n","protected":false},"excerpt":{"rendered":"<p>Talleres empat\u00f3 frente a la &#8220;Academia&#8221; 1-1 y es\u00a0el \u00fanico escolta de la Superliga. Marcelo Torres adelant\u00f3 a la visita mientras que Andr\u00e9s Ibarguen igual\u00f3 el marcador. El equipo de Frank Dar\u00edo Kudelka se trajo un punto en su visita por Avellaneda. A lo largo del partido fue superior pero no fue contundente y desaprovech\u00f3 [&hellip;]<\/p>\n","protected":false},"author":26,"featured_media":34346,"comment_status":"closed","ping_status":"closed","sticky":false,"template":"","format":"standard","meta":{"_seopress_robots_primary_cat":"","_seopress_titles_title":"","_seopress_titles_desc":"","_seopress_robots_index":"","footnotes":""},"categories":[2,16],"tags":[6058,6092,3740,6246,2886,106,5605,40],"class_list":["post-34345","post","type-post","status-publish","format-standard","has-post-thumbnail","hentry","category-futbol","category-primera-division","tag-6058","tag-chelo-torres","tag-cocca","tag-ibarguen","tag-kudelka","tag-racing","tag-superliga","tag-talleres"],"_links":{"self":[{"href":"https:\/\/www.cordobatimes.com\/deportes\/wp-json\/wp\/v2\/posts\/34345","targetHints":{"allow":["GET"]}}],"collection":[{"href":"https:\/\/www.cordobatimes.com\/deportes\/wp-json\/wp\/v2\/posts"}],"about":[{"href":"https:\/\/www.cordobatimes.com\/deportes\/wp-json\/wp\/v2\/types\/post"}],"author":[{"embeddable":true,"href":"https:\/\/www.cordobatimes.com\/deportes\/wp-json\/wp\/v2\/users\/26"}],"replies":[{"embeddable":true,"href":"https:\/\/www.cordobatimes.com\/deportes\/wp-json\/wp\/v2\/comments?post=34345"}],"version-history":[{"count":0,"href":"https:\/\/www.cordobatimes.com\/deportes\/wp-json\/wp\/v2\/posts\/34345\/revisions"}],"wp:featuredmedia":[{"embeddable":true,"href":"https:\/\/www.cordobatimes.com\/deportes\/wp-json\/wp\/v2\/media\/34346"}],"wp:attachment":[{"href":"https:\/\/www.cordobatimes.com\/deportes\/wp-json\/wp\/v2\/media?parent=34345"}],"wp:term":[{"taxonomy":"category","embeddable":true,"href":"https:\/\/www.cordobatimes.com\/deportes\/wp-json\/wp\/v2\/categories?post=34345"},{"taxonomy":"post_tag","embeddable":true,"href":"https:\/\/www.cordobatimes.com\/deportes\/wp-json\/wp\/v2\/tags?post=34345"}],"curies":[{"name":"wp","href":"https:\/\/api.w.org\/{rel}","templated":true}]}}