{"id":34174,"date":"2017-10-17T11:57:41","date_gmt":"2017-10-17T14:57:41","guid":{"rendered":"http:\/\/www.cordobatimes.com\/deportes\/?p=34174"},"modified":"2017-10-17T11:57:41","modified_gmt":"2017-10-17T14:57:41","slug":"belgrano-oficializo-la-salida-mendez","status":"publish","type":"post","link":"https:\/\/www.cordobatimes.com\/deportes\/futbol\/2017\/10\/17\/belgrano-oficializo-la-salida-mendez\/","title":{"rendered":"Belgrano oficializ\u00f3 la salida de M\u00e9ndez"},"content":{"rendered":"<h3><strong>El club de Alberdi anunci\u00f3 que a las 13 habr\u00e1 una conferencia de prensa donde hablar\u00e1 el ahora ex entrenador del equipo.<\/strong><\/h3>\n<p><strong>Belgrano<\/strong>\u00a0anunci\u00f3 este martes la salida de\u00a0<strong>Sebasti\u00e1n M\u00e9ndez<\/strong>. El ahora ex entrenador del primer equipo del Celeste se despide del plantel en el regreso a las pr\u00e1cticas y luego brindar\u00e1 una conferencia de prensa junto al presidente Jorge Franceschi.<\/p>\n<p class=\"SubTitulo\"><strong>Sus n\u00fameros<\/strong><\/p>\n<p>En total dirigi\u00f3 21 partidos, en los que consigui\u00f3 cinco triunfos (adem\u00e1s gan\u00f3 dos cruces de Copa Argentina pero en penales tras empatar en los 90 minutos).<\/p>\n<p>El entrenador estuvo poco m\u00e1s de seis meses en el Pirata, donde dirigi\u00f3 18 partidos de Primera Divisi\u00f3n y tres de Copa Argentina<\/p>\n<p>Su debut fue el 9 de abril ante Banfield, donde la &#8220;B&#8221; perdi\u00f3 2-0.<\/p>\n<p>Su rendimiento en partidos de Primera Divisi\u00f3n son 5 partidos ganados, 7 empatados y 6 perdidos.<\/p>\n<p>Por Copa Argentina jug\u00f3 tres, obtuvo dos empates (con victorias en los penales) y una derrota (la del pasado lunes ante Atlanta). En total sum\u00f3 el 40,77 por ciento de los puntos.<\/p>\n<p><strong>Fuente: Mundo D<\/strong><\/p>\n","protected":false},"excerpt":{"rendered":"<p>El club de Alberdi anunci\u00f3 que a las 13 habr\u00e1 una conferencia de prensa donde hablar\u00e1 el ahora ex entrenador del equipo. Belgrano\u00a0anunci\u00f3 este martes la salida de\u00a0Sebasti\u00e1n M\u00e9ndez. El ahora ex entrenador del primer equipo del Celeste se despide del plantel en el regreso a las pr\u00e1cticas y luego brindar\u00e1 una conferencia de prensa [&hellip;]<\/p>\n","protected":false},"author":27,"featured_media":34176,"comment_status":"closed","ping_status":"closed","sticky":false,"template":"","format":"standard","meta":{"_seopress_robots_primary_cat":"","_seopress_titles_title":"","_seopress_titles_desc":"","_seopress_robots_index":"","footnotes":""},"categories":[2,16],"tags":[6058,37,3067,64,105,6228],"class_list":["post-34174","post","type-post","status-publish","format-standard","has-post-thumbnail","hentry","category-futbol","category-primera-division","tag-6058","tag-belgrano","tag-entrenador","tag-futbol-2","tag-primera-division-2","tag-sebastian-mendez"],"_links":{"self":[{"href":"https:\/\/www.cordobatimes.com\/deportes\/wp-json\/wp\/v2\/posts\/34174","targetHints":{"allow":["GET"]}}],"collection":[{"href":"https:\/\/www.cordobatimes.com\/deportes\/wp-json\/wp\/v2\/posts"}],"about":[{"href":"https:\/\/www.cordobatimes.com\/deportes\/wp-json\/wp\/v2\/types\/post"}],"author":[{"embeddable":true,"href":"https:\/\/www.cordobatimes.com\/deportes\/wp-json\/wp\/v2\/users\/27"}],"replies":[{"embeddable":true,"href":"https:\/\/www.cordobatimes.com\/deportes\/wp-json\/wp\/v2\/comments?post=34174"}],"version-history":[{"count":0,"href":"https:\/\/www.cordobatimes.com\/deportes\/wp-json\/wp\/v2\/posts\/34174\/revisions"}],"wp:featuredmedia":[{"embeddable":true,"href":"https:\/\/www.cordobatimes.com\/deportes\/wp-json\/wp\/v2\/media\/34176"}],"wp:attachment":[{"href":"https:\/\/www.cordobatimes.com\/deportes\/wp-json\/wp\/v2\/media?parent=34174"}],"wp:term":[{"taxonomy":"category","embeddable":true,"href":"https:\/\/www.cordobatimes.com\/deportes\/wp-json\/wp\/v2\/categories?post=34174"},{"taxonomy":"post_tag","embeddable":true,"href":"https:\/\/www.cordobatimes.com\/deportes\/wp-json\/wp\/v2\/tags?post=34174"}],"curies":[{"name":"wp","href":"https:\/\/api.w.org\/{rel}","templated":true}]}}