{"id":3415,"date":"2013-11-26T18:25:50","date_gmt":"2013-11-26T21:25:50","guid":{"rendered":"http:\/\/www.cordobatimes.com\/deportes\/?p=3415"},"modified":"2020-05-02T20:15:07","modified_gmt":"2020-05-02T23:15:07","slug":"se-cumplen-40-anos-del-primero-titulo-de-vilas","status":"publish","type":"post","link":"https:\/\/www.cordobatimes.com\/deportes\/tenis\/2013\/11\/26\/se-cumplen-40-anos-del-primero-titulo-de-vilas\/","title":{"rendered":"Se cumplen 40 a\u00f1os del primer t\u00edtulo de Vilas"},"content":{"rendered":"<h3 style=\"text-align: justify;\"><b>Este 25 de noviembre, se cumpli\u00f3 40 a\u00f1os de la obtenci\u00f3n del primer Gran logro del tenista m\u00e1s grande de nuestra historia, Guillermo Vilas. Fue el primer paso de una prol\u00edfica y exitosa carrera deportiva.<\/b><\/h3>\n<p style=\"text-align: justify;\">\u201cEl gran Willy\u201d, como pas\u00f3 a la historia, naci\u00f3 en Buenos Aires en agosto de 1952, pero se cri\u00f3 en la ciudad de Mar del Plata. Es miembro del International Tennis Hall of Fame desde el a\u00f1o 1991. Con 923 victorias se convirti\u00f3 en el tercer tenista con m\u00e1s partidos ganados en la era profesional, a partir de 1968.<\/p>\n<p style=\"text-align: justify;\">Fue protagonista de una carrera que abri\u00f3 las puertas a varias generaciones de tenistas exitosos en nuestro pa\u00eds, transform\u00e1ndose en el primero de una larga lista. Obtuvo 62 torneos de ATP, de los cuales 4 fueron de Grand Slam (Roland Garros y US Open en 1977, y el Abierto de Australia en 1978 y 1979), adem\u00e1s de un Tennis Masters Cup (ex Masters) de 1974; y finaliz\u00f3 como N\u00ba1 mundial del Grand Prix Tennis Circuit (predecesor de la actual ATP Tour) en 1974, 1975 y 1977.<\/p>\n<p style=\"text-align: justify;\">Su primero en ATP fue en el Buenos Aires Lawn Tennis, en el a\u00f1o 1973. Se enfrent\u00f3 en la final nada menos que el sueco Bjorn Borg, derrot\u00e1ndolo y ganando de esta manera un logro que era el principio de algo grande.<\/p>\n<p style=\"text-align: justify;\"><strong>Por Franco Badano | @badano_fran<\/strong><\/p>\n","protected":false},"excerpt":{"rendered":"<p>Este 25 de noviembre, se cumpli\u00f3 40 a\u00f1os de la obtenci\u00f3n del primer Gran logro del tenista m\u00e1s grande de nuestra historia, Guillermo Vilas. Fue el primer paso de una prol\u00edfica y exitosa carrera deportiva. \u201cEl gran Willy\u201d, como pas\u00f3 a la historia, naci\u00f3 en Buenos Aires en agosto de 1952, pero se cri\u00f3 en [&hellip;]<\/p>\n","protected":false},"author":20,"featured_media":3416,"comment_status":"open","ping_status":"open","sticky":false,"template":"","format":"standard","meta":{"_seopress_robots_primary_cat":"none","_seopress_titles_title":"","_seopress_titles_desc":"","_seopress_robots_index":"","footnotes":""},"categories":[4],"tags":[801,202,799,800],"class_list":["post-3415","post","type-post","status-publish","format-standard","has-post-thumbnail","hentry","category-tenis","tag-40-anos","tag-atp","tag-guillermo-vilas","tag-vilas"],"_links":{"self":[{"href":"https:\/\/www.cordobatimes.com\/deportes\/wp-json\/wp\/v2\/posts\/3415","targetHints":{"allow":["GET"]}}],"collection":[{"href":"https:\/\/www.cordobatimes.com\/deportes\/wp-json\/wp\/v2\/posts"}],"about":[{"href":"https:\/\/www.cordobatimes.com\/deportes\/wp-json\/wp\/v2\/types\/post"}],"author":[{"embeddable":true,"href":"https:\/\/www.cordobatimes.com\/deportes\/wp-json\/wp\/v2\/users\/20"}],"replies":[{"embeddable":true,"href":"https:\/\/www.cordobatimes.com\/deportes\/wp-json\/wp\/v2\/comments?post=3415"}],"version-history":[{"count":0,"href":"https:\/\/www.cordobatimes.com\/deportes\/wp-json\/wp\/v2\/posts\/3415\/revisions"}],"wp:featuredmedia":[{"embeddable":true,"href":"https:\/\/www.cordobatimes.com\/deportes\/wp-json\/wp\/v2\/media\/3416"}],"wp:attachment":[{"href":"https:\/\/www.cordobatimes.com\/deportes\/wp-json\/wp\/v2\/media?parent=3415"}],"wp:term":[{"taxonomy":"category","embeddable":true,"href":"https:\/\/www.cordobatimes.com\/deportes\/wp-json\/wp\/v2\/categories?post=3415"},{"taxonomy":"post_tag","embeddable":true,"href":"https:\/\/www.cordobatimes.com\/deportes\/wp-json\/wp\/v2\/tags?post=3415"}],"curies":[{"name":"wp","href":"https:\/\/api.w.org\/{rel}","templated":true}]}}