{"id":34095,"date":"2017-10-14T14:11:19","date_gmt":"2017-10-14T17:11:19","guid":{"rendered":"http:\/\/www.cordobatimes.com\/deportes\/?p=34095"},"modified":"2017-10-14T14:14:40","modified_gmt":"2017-10-14T17:14:40","slug":"gran-arranque-las-panteras-premundial-triunfo-3-0-colombia","status":"publish","type":"post","link":"https:\/\/www.cordobatimes.com\/deportes\/polideportivo\/2017\/10\/14\/gran-arranque-las-panteras-premundial-triunfo-3-0-colombia\/","title":{"rendered":"Gran arranque de Las Panteras en el Premundial: Triunfo 3-0 sobre Colombia"},"content":{"rendered":"<h3><strong>Primera prueba superada para Las Panteras en el Premundial de Arequipa, que representa la puerta para acceder al Mundial del a\u00f1o pr\u00f3ximo en Jap\u00f3n.\u00a0En la jornada inaugural, el d\u00eda\u00a0 viernes, las chicas derrotaron en sets corridos a Colombia, con parciales de 25-21, 25-19 y 25-19, y este s\u00e1bado a las 19 afrontar\u00e1n un nuevo partido, ante Uruguay y con transmisi\u00f3n de DeporTV.<\/strong><\/h3>\n<p>En lo que en la previa se perfilaba como un torneo de alta exigencia, la Selecci\u00f3n Femenina ya se sac\u00f3 de encima a uno de los tres obst\u00e1culos que tiene hacia Jap\u00f3n. Lo hizo con mucha firmeza en el bloqueo, con un margen de 13-7 sobre Colombia, al que adem\u00e1s le dio vuelta un marcador de 16-13 en el set inicial. Esa remontada hizo mella en las rivales y Las Panteras, en cambio, se fortalecieron hacia un 3-0 de enorme valor.<\/p>\n<p>En lo individual, Yamila Nizetich lider\u00f3 la carga con 12 puntos, la misma cantidad que Emilce Sosa, mientras que Luc\u00eda Fresco aport\u00f3 11 unidades y Julieta Lazcano, 10. Las centrales y la opuesta,\u00a0asimismo, fueron las principales expresiones del bloqueo albiceleste: Sosa meti\u00f3 4 gorros y las otras dos, tres cada una.<\/p>\n<p>Ahora, se vendr\u00e1 Uruguay, el que a priori es el rival m\u00e1s accesible de los tres y el que les permitir\u00e1 a las chicas seguir ajustando de cara al \u00faltimo duelo, el que\u00a0puede ser el m\u00e1s importante de la temporada, el domingo ante Per\u00fa.<\/p>\n<p><strong>Fuente: Somos Voley<\/strong><\/p>\n","protected":false},"excerpt":{"rendered":"<p>Primera prueba superada para Las Panteras en el Premundial de Arequipa, que representa la puerta para acceder al Mundial del a\u00f1o pr\u00f3ximo en Jap\u00f3n.\u00a0En la jornada inaugural, el d\u00eda\u00a0 viernes, las chicas derrotaron en sets corridos a Colombia, con parciales de 25-21, 25-19 y 25-19, y este s\u00e1bado a las 19 afrontar\u00e1n un nuevo partido, [&hellip;]<\/p>\n","protected":false},"author":27,"featured_media":34096,"comment_status":"closed","ping_status":"closed","sticky":false,"template":"","format":"standard","meta":{"_seopress_robots_primary_cat":"","_seopress_titles_title":"","_seopress_titles_desc":"","_seopress_robots_index":"","footnotes":""},"categories":[6,5906],"tags":[5481,6047,6210,814,4105],"class_list":["post-34095","post","type-post","status-publish","format-standard","has-post-thumbnail","hentry","category-polideportivo","category-voley","tag-las-panteras","tag-polideportivo","tag-premundial","tag-voley","tag-voley-femenino"],"_links":{"self":[{"href":"https:\/\/www.cordobatimes.com\/deportes\/wp-json\/wp\/v2\/posts\/34095","targetHints":{"allow":["GET"]}}],"collection":[{"href":"https:\/\/www.cordobatimes.com\/deportes\/wp-json\/wp\/v2\/posts"}],"about":[{"href":"https:\/\/www.cordobatimes.com\/deportes\/wp-json\/wp\/v2\/types\/post"}],"author":[{"embeddable":true,"href":"https:\/\/www.cordobatimes.com\/deportes\/wp-json\/wp\/v2\/users\/27"}],"replies":[{"embeddable":true,"href":"https:\/\/www.cordobatimes.com\/deportes\/wp-json\/wp\/v2\/comments?post=34095"}],"version-history":[{"count":0,"href":"https:\/\/www.cordobatimes.com\/deportes\/wp-json\/wp\/v2\/posts\/34095\/revisions"}],"wp:featuredmedia":[{"embeddable":true,"href":"https:\/\/www.cordobatimes.com\/deportes\/wp-json\/wp\/v2\/media\/34096"}],"wp:attachment":[{"href":"https:\/\/www.cordobatimes.com\/deportes\/wp-json\/wp\/v2\/media?parent=34095"}],"wp:term":[{"taxonomy":"category","embeddable":true,"href":"https:\/\/www.cordobatimes.com\/deportes\/wp-json\/wp\/v2\/categories?post=34095"},{"taxonomy":"post_tag","embeddable":true,"href":"https:\/\/www.cordobatimes.com\/deportes\/wp-json\/wp\/v2\/tags?post=34095"}],"curies":[{"name":"wp","href":"https:\/\/api.w.org\/{rel}","templated":true}]}}