{"id":33973,"date":"2017-10-08T14:07:27","date_gmt":"2017-10-08T17:07:27","guid":{"rendered":"http:\/\/www.cordobatimes.com\/deportes\/?p=33973"},"modified":"2017-10-08T14:16:37","modified_gmt":"2017-10-08T17:16:37","slug":"jorge-sampaoli-probo-los-11-visitar-ecuador","status":"publish","type":"post","link":"https:\/\/www.cordobatimes.com\/deportes\/futbol\/2017\/10\/08\/jorge-sampaoli-probo-los-11-visitar-ecuador\/","title":{"rendered":"Jorge Sampaoli prob\u00f3 los 11 para visitar a Ecuador"},"content":{"rendered":"<h3><b>El DT de la Selecci\u00f3n prob\u00f3 el posible 11 titular,antes de su viaje a Quito para enfrentar a Ecuador.<\/b><\/h3>\n<p>Argentina se jugar\u00e1 una final el d\u00eda martes a las 20:30 en busca de su pase al Mundial de Rusia 2018. Para eso en el d\u00eda de hoy el t\u00e9cnico Sampaoli puso un 11 tentativo para enfrentar a los ecuatorianos.<\/p>\n<p>El equipo form\u00f3 con:Romero; Mercado, Otamendi, Mascherano, Acu\u00f1a; Enzo P\u00e9rez, Biglia; Salvio, Messi, Di Maria y Benedetto. La selecci\u00f3n viajar\u00e1 en el d\u00eda de hoy a las 15:00 hs a Quito para hospedarse pensando en el encuentro el martes.<\/p>\n","protected":false},"excerpt":{"rendered":"<p>El DT de la Selecci\u00f3n prob\u00f3 el posible 11 titular,antes de su viaje a Quito para enfrentar a Ecuador. Argentina se jugar\u00e1 una final el d\u00eda martes a las 20:30 en busca de su pase al Mundial de Rusia 2018. Para eso en el d\u00eda de hoy el t\u00e9cnico Sampaoli puso un 11 tentativo para [&hellip;]<\/p>\n","protected":false},"author":27,"featured_media":33926,"comment_status":"closed","ping_status":"closed","sticky":false,"template":"","format":"standard","meta":{"_seopress_robots_primary_cat":"","_seopress_titles_title":"","_seopress_titles_desc":"","_seopress_robots_index":"","footnotes":""},"categories":[2,5904],"tags":[6151,64,3712,542],"class_list":["post-33973","post","type-post","status-publish","format-standard","has-post-thumbnail","hentry","category-futbol","category-seleccion-argentina","tag-eliminatorias-sudamericanas-2018","tag-futbol-2","tag-sampaoli","tag-seleccion-argentina"],"_links":{"self":[{"href":"https:\/\/www.cordobatimes.com\/deportes\/wp-json\/wp\/v2\/posts\/33973","targetHints":{"allow":["GET"]}}],"collection":[{"href":"https:\/\/www.cordobatimes.com\/deportes\/wp-json\/wp\/v2\/posts"}],"about":[{"href":"https:\/\/www.cordobatimes.com\/deportes\/wp-json\/wp\/v2\/types\/post"}],"author":[{"embeddable":true,"href":"https:\/\/www.cordobatimes.com\/deportes\/wp-json\/wp\/v2\/users\/27"}],"replies":[{"embeddable":true,"href":"https:\/\/www.cordobatimes.com\/deportes\/wp-json\/wp\/v2\/comments?post=33973"}],"version-history":[{"count":0,"href":"https:\/\/www.cordobatimes.com\/deportes\/wp-json\/wp\/v2\/posts\/33973\/revisions"}],"wp:featuredmedia":[{"embeddable":true,"href":"https:\/\/www.cordobatimes.com\/deportes\/wp-json\/wp\/v2\/media\/33926"}],"wp:attachment":[{"href":"https:\/\/www.cordobatimes.com\/deportes\/wp-json\/wp\/v2\/media?parent=33973"}],"wp:term":[{"taxonomy":"category","embeddable":true,"href":"https:\/\/www.cordobatimes.com\/deportes\/wp-json\/wp\/v2\/categories?post=33973"},{"taxonomy":"post_tag","embeddable":true,"href":"https:\/\/www.cordobatimes.com\/deportes\/wp-json\/wp\/v2\/tags?post=33973"}],"curies":[{"name":"wp","href":"https:\/\/api.w.org\/{rel}","templated":true}]}}