{"id":33879,"date":"2017-10-05T09:17:04","date_gmt":"2017-10-05T12:17:04","guid":{"rendered":"http:\/\/www.cordobatimes.com\/deportes\/?p=33879"},"modified":"2017-10-05T09:17:04","modified_gmt":"2017-10-05T12:17:04","slug":"argentina-ejemplo-expreso-suizo-infantino","status":"publish","type":"post","link":"https:\/\/www.cordobatimes.com\/deportes\/futbol\/2017\/10\/05\/argentina-ejemplo-expreso-suizo-infantino\/","title":{"rendered":"&#8220;Argentina debe ser un ejemplo&#8221;, expres\u00f3 el suizo Infantino"},"content":{"rendered":"<h3><strong>El presidente de la FIFA tendr\u00e1 una breve pero ajetreada agenda en Buenos Aires que comenz\u00f3 con una recorrida por la sede de la AFA de la calle Viamonte junto al presidente Claudio Tapia y al titular de la Conmebol, el paraguayo Alejandro Dom\u00ednguez.<\/strong><\/h3>\n<p>El Presidente de la FIFA, el suizo Gianni Infantino, de visita por primera vez en Buenos Aires, se\u00f1al\u00f3 en el d\u00eda de ayer que la Argentina &#8220;debe ser un ejemplo y tanto la nueva FIFA como la CONMEBOL (Condeferaci\u00f3n Sudamericana) necesitan una AFA fuerte&#8221;, en el marco de la exposici\u00f3n que efectu\u00f3 a los medios de prensa en la sede de la calle Viamonte.<\/p>\n<p>&#8220;Argentina debe ser un ejemplo y tanto la nueva FIFA como la nueva CONMEBOL necesitan una AFA fuerte con gente que trabaje en serio por este deporte&#8221;, afirm\u00f3 Infantino en el discurso que brind\u00f3 esta ma\u00f1ana en el tercer piso de la sede de la calle Viamonte, la primera parada de la breve pero ajetreada agenda que tendr\u00e1 en Buenos Aires.<\/p>\n<p>Infantino tom\u00f3 la palabra luego de los presidentes de AFA y Conmebol, Claudio &#8220;Chiqui&#8221; Tapia y Alejandro Dom\u00ednguez, respectivamente, y en una resumida pero concisa exposici\u00f3n expres\u00f3 su simpat\u00eda por nuestro pa\u00eds y la confianza que tiene en esta nueva gesti\u00f3n.<\/p>\n<p>El acto, en el marco de la visita que cumple Infantino a la Argentina, dur\u00f3 media hora y adem\u00e1s de Claudio Tapia, titular de la AFA, estuvieron Wilmar Valdez (presidente Federaci\u00f3n Uruguaya de F\u00fatbol) y Sol Mu\u00f1oz (Federacion ecuatoriana e integrante del consejo de la FIFA).<\/p>\n<p><strong>Fuente:T\u00e9lam<\/strong><\/p>\n","protected":false},"excerpt":{"rendered":"<p>El presidente de la FIFA tendr\u00e1 una breve pero ajetreada agenda en Buenos Aires que comenz\u00f3 con una recorrida por la sede de la AFA de la calle Viamonte junto al presidente Claudio Tapia y al titular de la Conmebol, el paraguayo Alejandro Dom\u00ednguez. El Presidente de la FIFA, el suizo Gianni Infantino, de visita [&hellip;]<\/p>\n","protected":false},"author":27,"featured_media":33880,"comment_status":"closed","ping_status":"closed","sticky":false,"template":"","format":"standard","meta":{"_seopress_robots_primary_cat":"","_seopress_titles_title":"","_seopress_titles_desc":"","_seopress_robots_index":"","footnotes":""},"categories":[2,18],"tags":[33,108,64,6190],"class_list":["post-33879","post","type-post","status-publish","format-standard","has-post-thumbnail","hentry","category-futbol","category-futbol-internacional","tag-afa","tag-fifa","tag-futbol-2","tag-gianni-infantino"],"_links":{"self":[{"href":"https:\/\/www.cordobatimes.com\/deportes\/wp-json\/wp\/v2\/posts\/33879","targetHints":{"allow":["GET"]}}],"collection":[{"href":"https:\/\/www.cordobatimes.com\/deportes\/wp-json\/wp\/v2\/posts"}],"about":[{"href":"https:\/\/www.cordobatimes.com\/deportes\/wp-json\/wp\/v2\/types\/post"}],"author":[{"embeddable":true,"href":"https:\/\/www.cordobatimes.com\/deportes\/wp-json\/wp\/v2\/users\/27"}],"replies":[{"embeddable":true,"href":"https:\/\/www.cordobatimes.com\/deportes\/wp-json\/wp\/v2\/comments?post=33879"}],"version-history":[{"count":0,"href":"https:\/\/www.cordobatimes.com\/deportes\/wp-json\/wp\/v2\/posts\/33879\/revisions"}],"wp:featuredmedia":[{"embeddable":true,"href":"https:\/\/www.cordobatimes.com\/deportes\/wp-json\/wp\/v2\/media\/33880"}],"wp:attachment":[{"href":"https:\/\/www.cordobatimes.com\/deportes\/wp-json\/wp\/v2\/media?parent=33879"}],"wp:term":[{"taxonomy":"category","embeddable":true,"href":"https:\/\/www.cordobatimes.com\/deportes\/wp-json\/wp\/v2\/categories?post=33879"},{"taxonomy":"post_tag","embeddable":true,"href":"https:\/\/www.cordobatimes.com\/deportes\/wp-json\/wp\/v2\/tags?post=33879"}],"curies":[{"name":"wp","href":"https:\/\/api.w.org\/{rel}","templated":true}]}}