{"id":33848,"date":"2017-10-03T23:10:15","date_gmt":"2017-10-04T02:10:15","guid":{"rendered":"http:\/\/www.cordobatimes.com\/deportes\/?p=33848"},"modified":"2017-10-03T23:10:15","modified_gmt":"2017-10-04T02:10:15","slug":"superliga-fecha-5-goles-del-dia-lunes","status":"publish","type":"post","link":"https:\/\/www.cordobatimes.com\/deportes\/futbol\/2017\/10\/03\/superliga-fecha-5-goles-del-dia-lunes\/","title":{"rendered":"SuperLiga- Fecha 5: Goles del d\u00eda lunes"},"content":{"rendered":"<h3><strong>El d\u00eda lunes antes del p\u00e1rate por eliminatorias, finaliz\u00f3 la fecha 5 con dos partidos: Banfield-Arsenal y Newell&#8217;s-Godoy Cruz. Mira los goles y res\u00famenes de los encuentros.<\/strong><\/h3>\n<p><strong>Banfield 1(J.Alvarez)-(F.Milo y G.Ferreyra).<\/strong><\/p>\n<p><iframe loading=\"lazy\" src=\"https:\/\/www.youtube.com\/embed\/jyiJoxM_XNo\" width=\"350\" height=\"350\" frameborder=\"0\" allowfullscreen=\"allowfullscreen\"><\/iframe><\/p>\n<p><strong>Newell&#8217;s 0 &#8211; 0 Godoy Cruz<\/strong><br \/>\n<iframe loading=\"lazy\" src=\"https:\/\/www.youtube.com\/embed\/L5j7Ym6zzZ4\" width=\"350\" height=\"350\" frameborder=\"0\" allowfullscreen=\"allowfullscreen\"><\/iframe><\/p>\n","protected":false},"excerpt":{"rendered":"<p>El d\u00eda lunes antes del p\u00e1rate por eliminatorias, finaliz\u00f3 la fecha 5 con dos partidos: Banfield-Arsenal y Newell&#8217;s-Godoy Cruz. Mira los goles y res\u00famenes de los encuentros. Banfield 1(J.Alvarez)-(F.Milo y G.Ferreyra). Newell&#8217;s 0 &#8211; 0 Godoy Cruz<\/p>\n","protected":false},"author":27,"featured_media":33849,"comment_status":"closed","ping_status":"closed","sticky":false,"template":"","format":"standard","meta":{"_seopress_robots_primary_cat":"","_seopress_titles_title":"","_seopress_titles_desc":"","_seopress_robots_index":"","footnotes":""},"categories":[2,16],"tags":[6182,94,105,5605],"class_list":["post-33848","post","type-post","status-publish","format-standard","has-post-thumbnail","hentry","category-futbol","category-primera-division","tag-fecha-5","tag-futbol-argentino","tag-primera-division-2","tag-superliga"],"_links":{"self":[{"href":"https:\/\/www.cordobatimes.com\/deportes\/wp-json\/wp\/v2\/posts\/33848","targetHints":{"allow":["GET"]}}],"collection":[{"href":"https:\/\/www.cordobatimes.com\/deportes\/wp-json\/wp\/v2\/posts"}],"about":[{"href":"https:\/\/www.cordobatimes.com\/deportes\/wp-json\/wp\/v2\/types\/post"}],"author":[{"embeddable":true,"href":"https:\/\/www.cordobatimes.com\/deportes\/wp-json\/wp\/v2\/users\/27"}],"replies":[{"embeddable":true,"href":"https:\/\/www.cordobatimes.com\/deportes\/wp-json\/wp\/v2\/comments?post=33848"}],"version-history":[{"count":0,"href":"https:\/\/www.cordobatimes.com\/deportes\/wp-json\/wp\/v2\/posts\/33848\/revisions"}],"wp:featuredmedia":[{"embeddable":true,"href":"https:\/\/www.cordobatimes.com\/deportes\/wp-json\/wp\/v2\/media\/33849"}],"wp:attachment":[{"href":"https:\/\/www.cordobatimes.com\/deportes\/wp-json\/wp\/v2\/media?parent=33848"}],"wp:term":[{"taxonomy":"category","embeddable":true,"href":"https:\/\/www.cordobatimes.com\/deportes\/wp-json\/wp\/v2\/categories?post=33848"},{"taxonomy":"post_tag","embeddable":true,"href":"https:\/\/www.cordobatimes.com\/deportes\/wp-json\/wp\/v2\/tags?post=33848"}],"curies":[{"name":"wp","href":"https:\/\/api.w.org\/{rel}","templated":true}]}}