{"id":33733,"date":"2017-09-28T09:34:25","date_gmt":"2017-09-28T12:34:25","guid":{"rendered":"http:\/\/www.cordobatimes.com\/deportes\/?p=33733"},"modified":"2017-09-28T09:34:25","modified_gmt":"2017-09-28T12:34:25","slug":"juanca-olave-abrio-la-chance-jugar-mas-partidos-las-palmas","status":"publish","type":"post","link":"https:\/\/www.cordobatimes.com\/deportes\/futbol\/2017\/09\/28\/juanca-olave-abrio-la-chance-jugar-mas-partidos-las-palmas\/","title":{"rendered":"&#8220;Juanca&#8221; Olave abri\u00f3 la chance de jugar m\u00e1s partidos en Las Palmas"},"content":{"rendered":"<h3><strong>\u00a0&#8220;Pienso volver a jugar cuando tenga tiempo y para disfrutarlo con mi hijo&#8221;, dijo.<\/strong><\/h3>\n<p>Parece que el cotejo de\u00a0<strong>Las Palmas<\/strong>\u00a0ante\u00a0<strong>Alumni de Villa Mar\u00eda<\/strong>, el pasado fin de semana por el\u00a0<strong>Torneo Federal B<\/strong>, no ser\u00e1 el \u00faltimo como arquero de\u00a0<strong>Juan Carlos Olave<\/strong>.<\/p>\n<p>El golero de 41 a\u00f1os, actual director deportivo de Belgrano, cont\u00f3 el martes ante el sitio\u00a0<strong>Interior Futbolero<\/strong>\u00a0que en su cabeza est\u00e1 la idea de jugar alg\u00fan cotejo m\u00e1s, para compartir cancha con su hijo Thiago.<\/p>\n<p>&#8220;Cuando tenga m\u00e1s tiempo me gustar\u00eda jugar para poder compartir cancha con mi hijo. No es poca cosa jugar el Federal B y por eso quiero tener tiempo para entrenar&#8221;, agreg\u00f3 &#8220;Juanca&#8221;, que por ahora tiene como prioridad su funci\u00f3n en el Pirata.<\/p>\n<p>Desde el club Las Palmas, esperan que Olave pueda atajar en los pr\u00f3ximos partidos de local del equipo y se abre la chance que sea ante Racing de Nueva Italia o Argentino Pe\u00f1arol.<\/p>\n<p><img decoding=\"async\" src=\"https:\/\/pbs.twimg.com\/media\/DKr2NMeW0AEzpW6.jpg\" \/><\/p>\n<p><strong>Fuente: Mundo D<\/strong><\/p>\n","protected":false},"excerpt":{"rendered":"<p>\u00a0&#8220;Pienso volver a jugar cuando tenga tiempo y para disfrutarlo con mi hijo&#8221;, dijo. Parece que el cotejo de\u00a0Las Palmas\u00a0ante\u00a0Alumni de Villa Mar\u00eda, el pasado fin de semana por el\u00a0Torneo Federal B, no ser\u00e1 el \u00faltimo como arquero de\u00a0Juan Carlos Olave. El golero de 41 a\u00f1os, actual director deportivo de Belgrano, cont\u00f3 el martes ante [&hellip;]<\/p>\n","protected":false},"author":27,"featured_media":33708,"comment_status":"closed","ping_status":"closed","sticky":false,"template":"","format":"standard","meta":{"_seopress_robots_primary_cat":"","_seopress_titles_title":"","_seopress_titles_desc":"","_seopress_robots_index":"","footnotes":""},"categories":[5903,2],"tags":[3772,64,5454,179],"class_list":["post-33733","post","type-post","status-publish","format-standard","has-post-thumbnail","hentry","category-federal-b-2","category-futbol","tag-federal-b","tag-futbol-2","tag-juan-carlos-olave","tag-las-palmas"],"_links":{"self":[{"href":"https:\/\/www.cordobatimes.com\/deportes\/wp-json\/wp\/v2\/posts\/33733","targetHints":{"allow":["GET"]}}],"collection":[{"href":"https:\/\/www.cordobatimes.com\/deportes\/wp-json\/wp\/v2\/posts"}],"about":[{"href":"https:\/\/www.cordobatimes.com\/deportes\/wp-json\/wp\/v2\/types\/post"}],"author":[{"embeddable":true,"href":"https:\/\/www.cordobatimes.com\/deportes\/wp-json\/wp\/v2\/users\/27"}],"replies":[{"embeddable":true,"href":"https:\/\/www.cordobatimes.com\/deportes\/wp-json\/wp\/v2\/comments?post=33733"}],"version-history":[{"count":0,"href":"https:\/\/www.cordobatimes.com\/deportes\/wp-json\/wp\/v2\/posts\/33733\/revisions"}],"wp:featuredmedia":[{"embeddable":true,"href":"https:\/\/www.cordobatimes.com\/deportes\/wp-json\/wp\/v2\/media\/33708"}],"wp:attachment":[{"href":"https:\/\/www.cordobatimes.com\/deportes\/wp-json\/wp\/v2\/media?parent=33733"}],"wp:term":[{"taxonomy":"category","embeddable":true,"href":"https:\/\/www.cordobatimes.com\/deportes\/wp-json\/wp\/v2\/categories?post=33733"},{"taxonomy":"post_tag","embeddable":true,"href":"https:\/\/www.cordobatimes.com\/deportes\/wp-json\/wp\/v2\/tags?post=33733"}],"curies":[{"name":"wp","href":"https:\/\/api.w.org\/{rel}","templated":true}]}}