{"id":33698,"date":"2017-09-25T08:08:05","date_gmt":"2017-09-25T11:08:05","guid":{"rendered":"http:\/\/www.cordobatimes.com\/deportes\/?p=33698"},"modified":"2017-09-25T08:08:05","modified_gmt":"2017-09-25T11:08:05","slug":"alario-debuto-gol-una-asistencia-la-bundesliga","status":"publish","type":"post","link":"https:\/\/www.cordobatimes.com\/deportes\/futbol\/2017\/09\/25\/alario-debuto-gol-una-asistencia-la-bundesliga\/","title":{"rendered":"Alario debut\u00f3 con un gol y una asistencia en la Bundesliga"},"content":{"rendered":"<h3><strong>El santafesino, que finalmente tuvo su estreno este domingo luego de recibir la habilitaci\u00f3n de la FIFA ante la negativa de River de enviar su transfer, fue reemplazado a cuatro minutos de final con el reconocimiento de todo el p\u00fablico asistente al Bay Arena.<\/strong><\/h3>\n<p>El delantero argentino Lucas Alario tuvo un promisorio debut en la Bundesliga de Alemania, al marcar un gol y asistir en otro para la victoria de Bayer Leverkusen sobre Hamburgo 3-0, de local, en un partido de la sexta fecha.<\/p>\n<p>El santafesino necesit\u00f3 23 minutos para hacer su presentaci\u00f3n en la red y anotar el segundo tanto de su equipo, con una definici\u00f3n de derecha, desliz\u00e1ndose por el piso, tras una asistencia del jamaiquino Le\u00f3n Bailey.<\/p>\n<p>En el segundo tiempo, cuando se cumpl\u00edan 38 minutos, el ex Col\u00f3n y River Plate le sirvi\u00f3 el tercer gol a Kevin Volland, que tambi\u00e9n fue autor de la apertura del marcador a los 20 de la parte inicial.<\/p>\n<p>Bayer Leverkusen sum\u00f3 su segundo triunfo en la temporada y alcanz\u00f3 los siete puntos, con los que se ubica a seis unidades del l\u00edder Borussia Dortmund.<\/p>\n<p><strong>Gol de Lucas Alario<\/strong><br \/>\n<iframe loading=\"lazy\" src=\"https:\/\/www.youtube.com\/embed\/dW0rIYzX2lU\" width=\"350\" height=\"350\" frameborder=\"0\" allowfullscreen=\"allowfullscreen\"><\/iframe><\/p>\n<p><strong>Fuente: T\u00e9lam<\/strong><\/p>\n","protected":false},"excerpt":{"rendered":"<p>El santafesino, que finalmente tuvo su estreno este domingo luego de recibir la habilitaci\u00f3n de la FIFA ante la negativa de River de enviar su transfer, fue reemplazado a cuatro minutos de final con el reconocimiento de todo el p\u00fablico asistente al Bay Arena. El delantero argentino Lucas Alario tuvo un promisorio debut en la [&hellip;]<\/p>\n","protected":false},"author":27,"featured_media":33699,"comment_status":"closed","ping_status":"closed","sticky":false,"template":"","format":"standard","meta":{"_seopress_robots_primary_cat":"","_seopress_titles_title":"","_seopress_titles_desc":"","_seopress_robots_index":"","footnotes":""},"categories":[2,18],"tags":[807,498,6100],"class_list":["post-33698","post","type-post","status-publish","format-standard","has-post-thumbnail","hentry","category-futbol","category-futbol-internacional","tag-bundesliga","tag-futbol-internacional-2","tag-lucas-alario"],"_links":{"self":[{"href":"https:\/\/www.cordobatimes.com\/deportes\/wp-json\/wp\/v2\/posts\/33698","targetHints":{"allow":["GET"]}}],"collection":[{"href":"https:\/\/www.cordobatimes.com\/deportes\/wp-json\/wp\/v2\/posts"}],"about":[{"href":"https:\/\/www.cordobatimes.com\/deportes\/wp-json\/wp\/v2\/types\/post"}],"author":[{"embeddable":true,"href":"https:\/\/www.cordobatimes.com\/deportes\/wp-json\/wp\/v2\/users\/27"}],"replies":[{"embeddable":true,"href":"https:\/\/www.cordobatimes.com\/deportes\/wp-json\/wp\/v2\/comments?post=33698"}],"version-history":[{"count":0,"href":"https:\/\/www.cordobatimes.com\/deportes\/wp-json\/wp\/v2\/posts\/33698\/revisions"}],"wp:featuredmedia":[{"embeddable":true,"href":"https:\/\/www.cordobatimes.com\/deportes\/wp-json\/wp\/v2\/media\/33699"}],"wp:attachment":[{"href":"https:\/\/www.cordobatimes.com\/deportes\/wp-json\/wp\/v2\/media?parent=33698"}],"wp:term":[{"taxonomy":"category","embeddable":true,"href":"https:\/\/www.cordobatimes.com\/deportes\/wp-json\/wp\/v2\/categories?post=33698"},{"taxonomy":"post_tag","embeddable":true,"href":"https:\/\/www.cordobatimes.com\/deportes\/wp-json\/wp\/v2\/tags?post=33698"}],"curies":[{"name":"wp","href":"https:\/\/api.w.org\/{rel}","templated":true}]}}