{"id":33457,"date":"2017-09-14T08:09:52","date_gmt":"2017-09-14T11:09:52","guid":{"rendered":"http:\/\/www.cordobatimes.com\/deportes\/?p=33457"},"modified":"2017-09-14T08:09:52","modified_gmt":"2017-09-14T11:09:52","slug":"champions-league-gol-kun-aguero-equipo-guardiola-goleo-feyenoord","status":"publish","type":"post","link":"https:\/\/www.cordobatimes.com\/deportes\/futbol\/2017\/09\/14\/champions-league-gol-kun-aguero-equipo-guardiola-goleo-feyenoord\/","title":{"rendered":"Champions League: con gol de Kun Ag\u00fcero el equipo de Guardiola gole\u00f3 a Feyenoord"},"content":{"rendered":"<h3><strong>\u00a0El d\u00eda mi\u00e9rcoles, el conjunto visitante gan\u00f3 4-0 el estadio De Kuipe con un doblete de Stone, el Kun Ag\u00fcero y Gabriel Jes\u00fas.<\/strong><\/h3>\n<p>El conjunto de Pep Guardiola gole\u00f3 4-0 en su debut como visitante frente a Feyenoord en el estadio De Kupie por el grupo F de Champions League. Durante el primer tiempo una r\u00e1faga de tres goles sacudi\u00f3 a los locales en menos de 25 minutos anotados por Stone, Ag\u00fcero y Gabriel Jes\u00fas. El segundo tiempo el City tuvo posici\u00f3n de la pelota y domin\u00f3 el encuentro y as\u00ed lleg\u00f3 el cuarto grito sellado por Stone.<\/p>\n<p><strong>Fuente: La Naci\u00f3n<\/strong><\/p>\n","protected":false},"excerpt":{"rendered":"<p>\u00a0El d\u00eda mi\u00e9rcoles, el conjunto visitante gan\u00f3 4-0 el estadio De Kuipe con un doblete de Stone, el Kun Ag\u00fcero y Gabriel Jes\u00fas. El conjunto de Pep Guardiola gole\u00f3 4-0 en su debut como visitante frente a Feyenoord en el estadio De Kupie por el grupo F de Champions League. Durante el primer tiempo una [&hellip;]<\/p>\n","protected":false},"author":27,"featured_media":33458,"comment_status":"closed","ping_status":"closed","sticky":false,"template":"","format":"standard","meta":{"_seopress_robots_primary_cat":"","_seopress_titles_title":"","_seopress_titles_desc":"","_seopress_robots_index":"","footnotes":""},"categories":[2,18],"tags":[5273,498,155],"class_list":["post-33457","post","type-post","status-publish","format-standard","has-post-thumbnail","hentry","category-futbol","category-futbol-internacional","tag-champion-league","tag-futbol-internacional-2","tag-sergio-aguero"],"_links":{"self":[{"href":"https:\/\/www.cordobatimes.com\/deportes\/wp-json\/wp\/v2\/posts\/33457","targetHints":{"allow":["GET"]}}],"collection":[{"href":"https:\/\/www.cordobatimes.com\/deportes\/wp-json\/wp\/v2\/posts"}],"about":[{"href":"https:\/\/www.cordobatimes.com\/deportes\/wp-json\/wp\/v2\/types\/post"}],"author":[{"embeddable":true,"href":"https:\/\/www.cordobatimes.com\/deportes\/wp-json\/wp\/v2\/users\/27"}],"replies":[{"embeddable":true,"href":"https:\/\/www.cordobatimes.com\/deportes\/wp-json\/wp\/v2\/comments?post=33457"}],"version-history":[{"count":0,"href":"https:\/\/www.cordobatimes.com\/deportes\/wp-json\/wp\/v2\/posts\/33457\/revisions"}],"wp:featuredmedia":[{"embeddable":true,"href":"https:\/\/www.cordobatimes.com\/deportes\/wp-json\/wp\/v2\/media\/33458"}],"wp:attachment":[{"href":"https:\/\/www.cordobatimes.com\/deportes\/wp-json\/wp\/v2\/media?parent=33457"}],"wp:term":[{"taxonomy":"category","embeddable":true,"href":"https:\/\/www.cordobatimes.com\/deportes\/wp-json\/wp\/v2\/categories?post=33457"},{"taxonomy":"post_tag","embeddable":true,"href":"https:\/\/www.cordobatimes.com\/deportes\/wp-json\/wp\/v2\/tags?post=33457"}],"curies":[{"name":"wp","href":"https:\/\/api.w.org\/{rel}","templated":true}]}}