{"id":33413,"date":"2017-09-12T16:13:14","date_gmt":"2017-09-12T19:13:14","guid":{"rendered":"http:\/\/www.cordobatimes.com\/deportes\/?p=33413"},"modified":"2017-09-12T16:13:14","modified_gmt":"2017-09-12T19:13:14","slug":"superliga-2da-fecha-goles-del-dia-lunes","status":"publish","type":"post","link":"https:\/\/www.cordobatimes.com\/deportes\/futbol\/2017\/09\/12\/superliga-2da-fecha-goles-del-dia-lunes\/","title":{"rendered":"SuperLiga-2da Fecha : Goles del d\u00eda Lunes"},"content":{"rendered":"<h3><strong>El d\u00eda Lunes finaliz\u00f3 la segunda fecha de la SuperLiga,con los partidos de: Uni\u00f3n de Santa Fe &#8211; Gimnasia de La Plata y Hurac\u00e1n &#8211; Newell&#8217;s. Mira los goles y res\u00famenes ac\u00e1.<\/strong><\/h3>\n<p><strong>Uni\u00f3n de Santa Fe 1 ( F.Soldano) &#8211; 0 Gimnasia de La Plata<\/strong><br \/>\n<iframe loading=\"lazy\" src=\"https:\/\/www.youtube.com\/embed\/zNoTlz8oBW8\" width=\"350\" height=\"350\" frameborder=\"0\" allowfullscreen=\"allowfullscreen\"><\/iframe><\/p>\n<p><strong>Hurac\u00e1n 1 ( I.Pussetto) &#8211; 0 Newell&#8217;s<\/strong><br \/>\n<iframe loading=\"lazy\" src=\"https:\/\/www.youtube.com\/embed\/9jscd5aa6S0\" width=\"350\" height=\"350\" frameborder=\"0\" allowfullscreen=\"allowfullscreen\"><\/iframe><\/p>\n","protected":false},"excerpt":{"rendered":"<p>El d\u00eda Lunes finaliz\u00f3 la segunda fecha de la SuperLiga,con los partidos de: Uni\u00f3n de Santa Fe &#8211; Gimnasia de La Plata y Hurac\u00e1n &#8211; Newell&#8217;s. Mira los goles y res\u00famenes ac\u00e1. Uni\u00f3n de Santa Fe 1 ( F.Soldano) &#8211; 0 Gimnasia de La Plata Hurac\u00e1n 1 ( I.Pussetto) &#8211; 0 Newell&#8217;s<\/p>\n","protected":false},"author":27,"featured_media":33414,"comment_status":"closed","ping_status":"closed","sticky":false,"template":"","format":"standard","meta":{"_seopress_robots_primary_cat":"","_seopress_titles_title":"","_seopress_titles_desc":"","_seopress_robots_index":"","footnotes":""},"categories":[2,16],"tags":[94,105,5050,5999],"class_list":["post-33413","post","type-post","status-publish","format-standard","has-post-thumbnail","hentry","category-futbol","category-primera-division","tag-futbol-argentino","tag-primera-division-2","tag-segunda-fecha","tag-super-liga"],"_links":{"self":[{"href":"https:\/\/www.cordobatimes.com\/deportes\/wp-json\/wp\/v2\/posts\/33413","targetHints":{"allow":["GET"]}}],"collection":[{"href":"https:\/\/www.cordobatimes.com\/deportes\/wp-json\/wp\/v2\/posts"}],"about":[{"href":"https:\/\/www.cordobatimes.com\/deportes\/wp-json\/wp\/v2\/types\/post"}],"author":[{"embeddable":true,"href":"https:\/\/www.cordobatimes.com\/deportes\/wp-json\/wp\/v2\/users\/27"}],"replies":[{"embeddable":true,"href":"https:\/\/www.cordobatimes.com\/deportes\/wp-json\/wp\/v2\/comments?post=33413"}],"version-history":[{"count":0,"href":"https:\/\/www.cordobatimes.com\/deportes\/wp-json\/wp\/v2\/posts\/33413\/revisions"}],"wp:featuredmedia":[{"embeddable":true,"href":"https:\/\/www.cordobatimes.com\/deportes\/wp-json\/wp\/v2\/media\/33414"}],"wp:attachment":[{"href":"https:\/\/www.cordobatimes.com\/deportes\/wp-json\/wp\/v2\/media?parent=33413"}],"wp:term":[{"taxonomy":"category","embeddable":true,"href":"https:\/\/www.cordobatimes.com\/deportes\/wp-json\/wp\/v2\/categories?post=33413"},{"taxonomy":"post_tag","embeddable":true,"href":"https:\/\/www.cordobatimes.com\/deportes\/wp-json\/wp\/v2\/tags?post=33413"}],"curies":[{"name":"wp","href":"https:\/\/api.w.org\/{rel}","templated":true}]}}