{"id":33350,"date":"2017-09-10T01:23:52","date_gmt":"2017-09-10T04:23:52","guid":{"rendered":"http:\/\/www.cordobatimes.com\/deportes\/?p=33350"},"modified":"2017-09-11T14:44:13","modified_gmt":"2017-09-11T17:44:13","slug":"tala-nuevo-campeon-del-torneo-guillermo-michi-pispieiro","status":"publish","type":"post","link":"https:\/\/www.cordobatimes.com\/deportes\/polideportivo\/2017\/09\/10\/tala-nuevo-campeon-del-torneo-guillermo-michi-pispieiro\/","title":{"rendered":"Tala es el nuevo campe\u00f3n del torneo Guillermo \u201cMichi\u201d Pispieiro"},"content":{"rendered":"<h3><strong>El equipo aurinegro se impuso ante La Tablada por 12 a 9 en su casa, y se afianza como el equipo m\u00e1s ganador del torneo local con 23 copas.<\/strong><\/h3>\n<p>El partido se pens\u00f3 en la semana y se jug\u00f3 como lo que era, una final. Ambos equipos intentado equivocarse lo menos posible, aunque esto supusiera menores chances de puntuar.<\/p>\n<p>La tensi\u00f3n que se viv\u00eda en la cancha se hac\u00eda sentir desde afuera, y la pudieron palpar las casi 6.000 personas que se dieron cita en villa Warcalde para ver el encuentro cumbre del torneo local.<\/p>\n<p>El que peg\u00f3 primero fue Tablada, con un drop de Gast\u00f3n Revol al minuto 1 de juego.\u00a0 Desde all\u00ed se vivieron emociones varias de ambos lados, pero ninguna concreci\u00f3n.<\/p>\n<p>Reci\u00e9n en el minuto 33 de juego Cantarutti rompi\u00f3 el 0 en el marcador del equipo local, igualando el tanteador tras un penal cometido por Rold\u00e1n, el cual le vali\u00f3 la tarjeta amarilla.<\/p>\n<p>El partido continuaba disput\u00e1ndose de manera muy estrat\u00e9gica y a buscar el error rival, aunque ello no signific\u00f3 menor intensidad, por el contrario, los tackles y situaciones de contacto se realizaron de manera muy aguerrida.<\/p>\n<p>Cerrando el primer tiempo, Cantarutti puso al frente a su equipo ejecutando un penal debajo de los palos. (6-3)<\/p>\n<p>El clima en Warcalde comenzaba a pasar de fresco a fr\u00edo y el viento soplaba cada vez m\u00e1s fuerte. Esta situaci\u00f3n deriv\u00f3 en una cantidad infrecuente de line outs torcidos, y patadas factibles marradas.<\/p>\n<p>Tal como lo hab\u00edan hecho los azulgranas en la primera parte, el Tala al minuto de juego del complemento, marc\u00f3 3 puntos a trav\u00e9s del pie de Cantarutti quien pon\u00eda a su equipo 9-3 arriba.<\/p>\n<p>Un pu\u00f1ado de minutos m\u00e1s tarde nuevamente el 10 del equipo local convert\u00eda otro penal para poner un 12-3 en el tanteador que manifestaba m\u00e1s oportunismo a la hora de marcar, que superioridad en el juego.<\/p>\n<p>La Tablada comenz\u00f3 a manejar el hilo del partido a trav\u00e9s de su experimentado conductor Gast\u00f3n Revol y logr\u00f3 arrinconar a Tala en su campo por momentos. \u00c9l mismo logr\u00f3 convertir un penal para decorar un 12-6 en contra de su equipo.<\/p>\n<p>Llegando al final del encuentro, el 10 azulgrana convirti\u00f3 nuevamente un penal y logr\u00f3 poner 12-9 el resultado para que el final sea a pura emoci\u00f3n y nervios, pero las intenciones del equipo de Urca quedaron truncas frente a un equipo que tuvo oficio y experiencia para jugar un partido tan parejo y re\u00f1ido hasta el final.<\/p>\n<blockquote class=\"instagram-media\" style=\"background: #FFF; border: 0; border-radius: 3px; box-shadow: 0 0 1px 0 rgba(0,0,0,0.5),0 1px 10px 0 rgba(0,0,0,0.15); margin: 1px; max-width: 658px; padding: 0; width: calc(100% - 2px);\" data-instgrm-captioned=\"\" data-instgrm-version=\"7\">\n<div style=\"padding: 8px;\">\n<div style=\"background: #F8F8F8; line-height: 0; margin-top: 40px; padding: 50% 0; text-align: center; width: 100%;\"><\/div>\n<p style=\"margin: 8px 0 0 0; padding: 0 4px;\"><a style=\"color: #000; font-family: Arial,sans-serif; font-size: 14px; font-style: normal; font-weight: normal; line-height: 17px; text-decoration: none; word-wrap: break-word;\" href=\"https:\/\/www.instagram.com\/p\/BY4B_8GBTDd\/\" target=\"_blank\" rel=\"noopener noreferrer\">Felicitaciones Tala Tetracampe\u00f3n!!! Felicitamos a nuestro Plantel de Primera, jugadores, Staff de entrenadores, y a toda la familia Blanquinegra, por este nuevo T\u00edtulo! 23\u00b0 Torneo Oficial de C\u00f3rdoba y cuarto consecutivo!!! Salud Campeones!!!!! #TDMV #SomosTala \u26aa\ufe0f\u26ab\ufe0f??<\/a><\/p>\n<p style=\"color: #c9c8cd; font-family: Arial,sans-serif; font-size: 14px; line-height: 17px; margin-bottom: 0; margin-top: 8px; overflow: hidden; padding: 8px 0 7px; text-align: center; text-overflow: ellipsis; white-space: nowrap;\">Una publicaci\u00f3n compartida por Tala Rugby Club (Oficial) (@talarugbycluboficial) el <time style=\"font-family: Arial,sans-serif; font-size: 14px; line-height: 17px;\" datetime=\"2017-09-10T21:24:39+00:00\">10 de Sep de 2017 a la(s) 2:24 PDT<\/time><\/p>\n<\/div>\n<\/blockquote>\n<p><script async defer src=\"\/\/platform.instagram.com\/en_US\/embeds.js\"><\/script><\/p>\n<p>Formaciones:<\/p>\n<p>Tala RC: 1- Franco Brarda, 2- Jos\u00e9 Escuti, 3- Facundo Gigenam 4- Mart\u00edn Freytes, 5- Marcos Lobato (c), 6- Jos\u00e9 Basile, 7- An\u00edbal Panceyra Garrido, 8- Franco Cassutti, 9- Rodolfo Ambrosio, 10- Nicol\u00e1s Cantarutti, 11- Franco Cuaranta, 12- Ignacio Albrisi, 13- Gonzalo Ruiz, 14- Germ\u00e1n Schulz, 15- Guillermo Albrisi.<br \/>\nCambios: Manuel Garz\u00f3n por Jos\u00e9 Basile, St\u00e9fano Ambrosio por Ignacio Albrisi, Mat\u00edas Ferrari por St\u00e9fano Ambrosio,<br \/>\nEntrenadores: Horacio Ambrosio, Julio Garc\u00eda<\/p>\n<p>Tries: No hubo<br \/>\nConv.: No hubo<br \/>\nPen.: Cantarutti (4)<br \/>\nAmonestados: G. Ruiz.<\/p>\n<p>La Tablada:\u00a01- Juan Cruz Chersich, 2- Javier Revol, 3- Nahuel Pucheta, 4- Ignacio Cal\u00e1s, 5- Gast\u00f3n Baronetto, 6- Luciano Baistrocchi, 7- Gonzalo De Bialoskurky, 8- Lucas Paschini (c), 9- Nicol\u00e1s Spitale, 10- Gast\u00f3n Revol, 11- Luciano Gonz\u00e1lez, 12- Mateo Revol, 13- Santiago Tobal, 14- Agust\u00edn Galiano, 15- Gabriel Rold\u00e1n.<br \/>\nCambios: Daniel Rodr\u00edguez por Juan Cruz Chersich, Tom\u00e1s \u00c1lvarez Cima por Ignacio Calas, Tom\u00e1s Altamira por Gonzalo De Bialoskurky, Pablo Canavosio por Agust\u00edn Galliano.<br \/>\nEntrenadores: Nicol\u00e1s Canavosio, Jorge Benelbas.<\/p>\n<p>Tries: No hubo<br \/>\nConv.: No hubo<br \/>\nPen.: Gast\u00f3n Revol (2)<br \/>\nDrop: Gast\u00f3n Revol<br \/>\nAmonestados: Chersich, Rold\u00e1n, Baistrocchi.<\/p>\n<p>Sede:<b>\u00a0<\/b>Tala RC<br \/>\n\u00c1rbitro: Eugenio Morra<\/p>\n","protected":false},"excerpt":{"rendered":"<p>El equipo aurinegro se impuso ante La Tablada por 12 a 9 en su casa, y se afianza como el equipo m\u00e1s ganador del torneo local con 23 copas. El partido se pens\u00f3 en la semana y se jug\u00f3 como lo que era, una final. Ambos equipos intentado equivocarse lo menos posible, aunque esto supusiera [&hellip;]<\/p>\n","protected":false},"author":29,"featured_media":33353,"comment_status":"closed","ping_status":"closed","sticky":false,"template":"","format":"standard","meta":{"_seopress_robots_primary_cat":"","_seopress_titles_title":"","_seopress_titles_desc":"","_seopress_robots_index":"","footnotes":""},"categories":[6,8],"tags":[6129,5985,6131,6128,3377,6042,6130],"class_list":["post-33350","post","type-post","status-publish","format-standard","has-post-thumbnail","hentry","category-polideportivo","category-rugby","tag-tablada","tag-tala","tag-tala-campeon","tag-tala-vs-tablada","tag-torneo-de-cordoba","tag-trofeo-del-puente","tag-warcalde"],"_links":{"self":[{"href":"https:\/\/www.cordobatimes.com\/deportes\/wp-json\/wp\/v2\/posts\/33350","targetHints":{"allow":["GET"]}}],"collection":[{"href":"https:\/\/www.cordobatimes.com\/deportes\/wp-json\/wp\/v2\/posts"}],"about":[{"href":"https:\/\/www.cordobatimes.com\/deportes\/wp-json\/wp\/v2\/types\/post"}],"author":[{"embeddable":true,"href":"https:\/\/www.cordobatimes.com\/deportes\/wp-json\/wp\/v2\/users\/29"}],"replies":[{"embeddable":true,"href":"https:\/\/www.cordobatimes.com\/deportes\/wp-json\/wp\/v2\/comments?post=33350"}],"version-history":[{"count":0,"href":"https:\/\/www.cordobatimes.com\/deportes\/wp-json\/wp\/v2\/posts\/33350\/revisions"}],"wp:featuredmedia":[{"embeddable":true,"href":"https:\/\/www.cordobatimes.com\/deportes\/wp-json\/wp\/v2\/media\/33353"}],"wp:attachment":[{"href":"https:\/\/www.cordobatimes.com\/deportes\/wp-json\/wp\/v2\/media?parent=33350"}],"wp:term":[{"taxonomy":"category","embeddable":true,"href":"https:\/\/www.cordobatimes.com\/deportes\/wp-json\/wp\/v2\/categories?post=33350"},{"taxonomy":"post_tag","embeddable":true,"href":"https:\/\/www.cordobatimes.com\/deportes\/wp-json\/wp\/v2\/tags?post=33350"}],"curies":[{"name":"wp","href":"https:\/\/api.w.org\/{rel}","templated":true}]}}