{"id":33252,"date":"2017-09-05T18:00:40","date_gmt":"2017-09-05T21:00:40","guid":{"rendered":"http:\/\/www.cordobatimes.com\/deportes\/?p=33252"},"modified":"2017-09-05T18:00:40","modified_gmt":"2017-09-05T21:00:40","slug":"us-open-sueno-schwartzman-llego-fin","status":"publish","type":"post","link":"https:\/\/www.cordobatimes.com\/deportes\/tenis\/2017\/09\/05\/us-open-sueno-schwartzman-llego-fin\/","title":{"rendered":"US Open: El sue\u00f1o de Schwartzman lleg\u00f3 a su fin"},"content":{"rendered":"<h3>\u201cEl Peque\u201d cay\u00f3 ante Pablo Carre\u00f1o Busta por 6-4, 6-4 y 6-2 en los cuartos del Abierto de Estados Unidos. El rival del espa\u00f1ol en semis saldr\u00e1 del duelo entre Sam Querrey y Kevin Anderson. Del Potro, que ma\u00f1ana enfrentar\u00e1 a Federer, es el \u00fanico argentino que sigue en carrera.<\/h3>\n","protected":false},"excerpt":{"rendered":"<p>\u201cEl Peque\u201d cay\u00f3 ante Pablo Carre\u00f1o Busta por 6-4, 6-4 y 6-2 en los cuartos del Abierto de Estados Unidos. El rival del espa\u00f1ol en semis saldr\u00e1 del duelo entre Sam Querrey y Kevin Anderson. Del Potro, que ma\u00f1ana enfrentar\u00e1 a Federer, es el \u00fanico argentino que sigue en carrera.<\/p>\n","protected":false},"author":5,"featured_media":33253,"comment_status":"closed","ping_status":"closed","sticky":false,"template":"","format":"standard","meta":{"_seopress_robots_primary_cat":"","_seopress_titles_title":"","_seopress_titles_desc":"","_seopress_robots_index":"","footnotes":""},"categories":[4],"tags":[3860,3805],"class_list":["post-33252","post","type-post","status-publish","format-standard","has-post-thumbnail","hentry","category-tenis","tag-diego-schwartzman","tag-us-open"],"_links":{"self":[{"href":"https:\/\/www.cordobatimes.com\/deportes\/wp-json\/wp\/v2\/posts\/33252","targetHints":{"allow":["GET"]}}],"collection":[{"href":"https:\/\/www.cordobatimes.com\/deportes\/wp-json\/wp\/v2\/posts"}],"about":[{"href":"https:\/\/www.cordobatimes.com\/deportes\/wp-json\/wp\/v2\/types\/post"}],"author":[{"embeddable":true,"href":"https:\/\/www.cordobatimes.com\/deportes\/wp-json\/wp\/v2\/users\/5"}],"replies":[{"embeddable":true,"href":"https:\/\/www.cordobatimes.com\/deportes\/wp-json\/wp\/v2\/comments?post=33252"}],"version-history":[{"count":0,"href":"https:\/\/www.cordobatimes.com\/deportes\/wp-json\/wp\/v2\/posts\/33252\/revisions"}],"wp:featuredmedia":[{"embeddable":true,"href":"https:\/\/www.cordobatimes.com\/deportes\/wp-json\/wp\/v2\/media\/33253"}],"wp:attachment":[{"href":"https:\/\/www.cordobatimes.com\/deportes\/wp-json\/wp\/v2\/media?parent=33252"}],"wp:term":[{"taxonomy":"category","embeddable":true,"href":"https:\/\/www.cordobatimes.com\/deportes\/wp-json\/wp\/v2\/categories?post=33252"},{"taxonomy":"post_tag","embeddable":true,"href":"https:\/\/www.cordobatimes.com\/deportes\/wp-json\/wp\/v2\/tags?post=33252"}],"curies":[{"name":"wp","href":"https:\/\/api.w.org\/{rel}","templated":true}]}}