{"id":33024,"date":"2017-08-27T12:17:35","date_gmt":"2017-08-27T15:17:35","guid":{"rendered":"http:\/\/www.cordobatimes.com\/deportes\/?p=33024"},"modified":"2017-08-27T12:17:35","modified_gmt":"2017-08-27T15:17:35","slug":"hamilton-gano-belgica-se-pone-tiro-mundial-f1","status":"publish","type":"post","link":"https:\/\/www.cordobatimes.com\/deportes\/automovilismo\/formula-1\/2017\/08\/27\/hamilton-gano-belgica-se-pone-tiro-mundial-f1\/","title":{"rendered":"Hamilton gan\u00f3 en B\u00e9lgica y se pone a tiro en el Mundial de F1"},"content":{"rendered":"<h3><strong>El brit\u00e1nico finaliz\u00f3 escoltado por Vettel (Ferrari), y por Ricciardo (Red Bull) en la carrera disputada en el circuito de Spa-Francorchamps y se coloca a 7 unidades del l\u00edder\u00a0en el campeonato.<\/strong><\/h3>\n<p>La largada de la carrera fue un presagio de lo que estaba por venir, una carrera tranquila y lineal, sin muchos sobrepasos.<\/p>\n<p>Un momento de emoci\u00f3n se vivi\u00f3 cuando Sergio \u201cCheco\u201d P\u00e9rez y Esteban Ocon, ambos del equipo Force India, protagonizaron un toque da\u00f1ando los monoplazas y obligando la salida del auto de seguridad.<\/p>\n<p>Hamilton (Mercedes) primero y Vettel atr\u00e1s intentando alcanzarlo, as\u00ed se present\u00f3 toda la carrera y el relanzamiento luego del auto de seguridad no fue la excepci\u00f3n. M\u00e1s all\u00e1 de que el alem\u00e1n lleg\u00f3 a ponerle el auto a la par en la larga recta, no logr\u00f3 el sobrepaso y desde all\u00ed no consigui\u00f3 mantener el ritmo para poder intentarlo nuevamente.<\/p>\n<p>Dispar suerte corrieron los compa\u00f1eros de equipo de Red Bull, Verstappen y Ricciardo, quienes part\u00edan en el quinto y sexto lugar de la parrilla respectivamente. El australiano finaliz\u00f3 tercero luego de una gran maniobra en el relanzamiento de la carrera que le permiti\u00f3 saltar del quinto al tercer lugar. A su par holand\u00e9s lo persigue la mala fortuna, y sufri\u00f3 un nuevo abandono por problemas en la unidad de potencia.<\/p>\n<p>Posiciones finales del GP de B\u00e9lgica:<\/p>\n<figure class=\"comment-figure comment\"><img decoding=\"async\" src=\"https:\/\/images.scribblelive.com\/2017\/8\/27\/9ca61468-ea1e-44ea-a585-f2a90232fef7.jpg\" \/><\/figure>\n<p class=\"live-scribble-text\">As\u00ed qued\u00f3 el campeonato:<\/p>\n<blockquote class=\"twitter-tweet\" data-lang=\"es\">\n<p dir=\"ltr\" lang=\"en\">UPDATED DRIVER STANDINGS<\/p>\n<p>It&#8217;s tight at the top after a thrilling <a href=\"https:\/\/twitter.com\/hashtag\/BelgianGP?src=hash\">#BelgianGP<\/a> \u2b07\ufe0f <a href=\"https:\/\/t.co\/4vVNuZGXqG\">pic.twitter.com\/4vVNuZGXqG<\/a><\/p>\n<p>\u2014 Formula 1 (@F1) <a href=\"https:\/\/twitter.com\/F1\/status\/901803418360188928\">27 de agosto de 2017<\/a><\/p><\/blockquote>\n<p><script async src=\"\/\/platform.twitter.com\/widgets.js\" charset=\"utf-8\"><\/script><\/p>\n<p>La pr\u00f3xima cita se desarrollar\u00e1 el 3 de Septiembre en &#8220;el templo de la velocidad&#8221; Monza, Italia.<\/p>\n","protected":false},"excerpt":{"rendered":"<p>El brit\u00e1nico finaliz\u00f3 escoltado por Vettel (Ferrari), y por Ricciardo (Red Bull) en la carrera disputada en el circuito de Spa-Francorchamps y se coloca a 7 unidades del l\u00edder\u00a0en el campeonato. La largada de la carrera fue un presagio de lo que estaba por venir, una carrera tranquila y lineal, sin muchos sobrepasos. Un momento [&hellip;]<\/p>\n","protected":false},"author":29,"featured_media":33030,"comment_status":"closed","ping_status":"closed","sticky":false,"template":"","format":"standard","meta":{"_seopress_robots_primary_cat":"","_seopress_titles_title":"","_seopress_titles_desc":"","_seopress_robots_index":"","footnotes":""},"categories":[13],"tags":[569,6083,6085,6086,6084,82],"class_list":["post-33024","post","type-post","status-publish","format-standard","has-post-thumbnail","hentry","category-formula-1","tag-f1","tag-gp-belgica","tag-hamilton-f1","tag-hamilton-vs-vettel","tag-spa-francorchamps","tag-vettel"],"_links":{"self":[{"href":"https:\/\/www.cordobatimes.com\/deportes\/wp-json\/wp\/v2\/posts\/33024","targetHints":{"allow":["GET"]}}],"collection":[{"href":"https:\/\/www.cordobatimes.com\/deportes\/wp-json\/wp\/v2\/posts"}],"about":[{"href":"https:\/\/www.cordobatimes.com\/deportes\/wp-json\/wp\/v2\/types\/post"}],"author":[{"embeddable":true,"href":"https:\/\/www.cordobatimes.com\/deportes\/wp-json\/wp\/v2\/users\/29"}],"replies":[{"embeddable":true,"href":"https:\/\/www.cordobatimes.com\/deportes\/wp-json\/wp\/v2\/comments?post=33024"}],"version-history":[{"count":0,"href":"https:\/\/www.cordobatimes.com\/deportes\/wp-json\/wp\/v2\/posts\/33024\/revisions"}],"wp:featuredmedia":[{"embeddable":true,"href":"https:\/\/www.cordobatimes.com\/deportes\/wp-json\/wp\/v2\/media\/33030"}],"wp:attachment":[{"href":"https:\/\/www.cordobatimes.com\/deportes\/wp-json\/wp\/v2\/media?parent=33024"}],"wp:term":[{"taxonomy":"category","embeddable":true,"href":"https:\/\/www.cordobatimes.com\/deportes\/wp-json\/wp\/v2\/categories?post=33024"},{"taxonomy":"post_tag","embeddable":true,"href":"https:\/\/www.cordobatimes.com\/deportes\/wp-json\/wp\/v2\/tags?post=33024"}],"curies":[{"name":"wp","href":"https:\/\/api.w.org\/{rel}","templated":true}]}}