{"id":33014,"date":"2017-08-26T16:20:20","date_gmt":"2017-08-26T19:20:20","guid":{"rendered":"http:\/\/www.cordobatimes.com\/deportes\/?p=33014"},"modified":"2017-08-26T16:24:26","modified_gmt":"2017-08-26T19:24:26","slug":"liga-espana-messi-no-pudo-convertir-penal-luego-anoto-los-dos-goles-del-triunfo-ante-alavess","status":"publish","type":"post","link":"https:\/\/www.cordobatimes.com\/deportes\/futbol\/2017\/08\/26\/liga-espana-messi-no-pudo-convertir-penal-luego-anoto-los-dos-goles-del-triunfo-ante-alavess\/","title":{"rendered":"Liga de Espa\u00f1a: Messi no pudo convertir un penal pero luego anot\u00f3 los dos goles del triunfo ante el Alav\u00e9s"},"content":{"rendered":"<h3><strong>Leo fall\u00f3 desde los doce pasos en el primer tiempo y logr\u00f3 un doblete en la segunda etapa en el 2-0 que mantiene al equipo entre los l\u00edderes del torneo.<\/strong><\/h3>\n<p class=\"primero\">Barcelona\u00a0super\u00f3 de visitante 2-0 a\u00a0Alav\u00e9s\u00a0, en un partido correspondiente a la segunda fecha de la\u00a0Liga de Espa\u00f1a\u00a0y es uno de los l\u00edderes del certamen con puntaje ideal y sin goles en contra.\u00a0Lionel Messi\u00a0llev\u00f3 a la victoria al conjunto cul\u00e9 sin sus socios de siempre -los catalanes ya no cuentan con el brasile\u00f1o Neymar porque emigr\u00f3 a PSG y sumaron la lesi\u00f3n del uruguayo\u00a0Luis Su\u00e1rez\u00a0&#8211; al convertir dos goles en la segunda etapa, despu\u00e9s de haber fallado un penal en el primer tiempo.<\/p>\n<p class=\"primero\">Paulinho,\u00a0uno de los refuerzos del Bar\u00e7a, ingres\u00f3 faltando tres minutos.\u00a0Javier Mascherano\u00a0estuvo en el banco de suplentes.<\/p>\n<p>&nbsp;<\/p>\n<p><strong>Fuente : La Naci\u00f3n<\/strong><\/p>\n","protected":false},"excerpt":{"rendered":"<p>Leo fall\u00f3 desde los doce pasos en el primer tiempo y logr\u00f3 un doblete en la segunda etapa en el 2-0 que mantiene al equipo entre los l\u00edderes del torneo. Barcelona\u00a0super\u00f3 de visitante 2-0 a\u00a0Alav\u00e9s\u00a0, en un partido correspondiente a la segunda fecha de la\u00a0Liga de Espa\u00f1a\u00a0y es uno de los l\u00edderes del certamen con [&hellip;]<\/p>\n","protected":false},"author":27,"featured_media":33015,"comment_status":"closed","ping_status":"closed","sticky":false,"template":"","format":"standard","meta":{"_seopress_robots_primary_cat":"","_seopress_titles_title":"","_seopress_titles_desc":"","_seopress_robots_index":"","footnotes":""},"categories":[2,18],"tags":[67,1991,2020],"class_list":{"0":"post-33014","1":"post","2":"type-post","3":"status-publish","4":"format-standard","5":"has-post-thumbnail","6":"hentry","7":"category-futbol","8":"category-futbol-internacional","9":"tag-barcelona","11":"tag-leo-messi"},"_links":{"self":[{"href":"https:\/\/www.cordobatimes.com\/deportes\/wp-json\/wp\/v2\/posts\/33014","targetHints":{"allow":["GET"]}}],"collection":[{"href":"https:\/\/www.cordobatimes.com\/deportes\/wp-json\/wp\/v2\/posts"}],"about":[{"href":"https:\/\/www.cordobatimes.com\/deportes\/wp-json\/wp\/v2\/types\/post"}],"author":[{"embeddable":true,"href":"https:\/\/www.cordobatimes.com\/deportes\/wp-json\/wp\/v2\/users\/27"}],"replies":[{"embeddable":true,"href":"https:\/\/www.cordobatimes.com\/deportes\/wp-json\/wp\/v2\/comments?post=33014"}],"version-history":[{"count":0,"href":"https:\/\/www.cordobatimes.com\/deportes\/wp-json\/wp\/v2\/posts\/33014\/revisions"}],"wp:featuredmedia":[{"embeddable":true,"href":"https:\/\/www.cordobatimes.com\/deportes\/wp-json\/wp\/v2\/media\/33015"}],"wp:attachment":[{"href":"https:\/\/www.cordobatimes.com\/deportes\/wp-json\/wp\/v2\/media?parent=33014"}],"wp:term":[{"taxonomy":"category","embeddable":true,"href":"https:\/\/www.cordobatimes.com\/deportes\/wp-json\/wp\/v2\/categories?post=33014"},{"taxonomy":"post_tag","embeddable":true,"href":"https:\/\/www.cordobatimes.com\/deportes\/wp-json\/wp\/v2\/tags?post=33014"}],"curies":[{"name":"wp","href":"https:\/\/api.w.org\/{rel}","templated":true}]}}