{"id":33007,"date":"2017-08-26T13:23:27","date_gmt":"2017-08-26T16:23:27","guid":{"rendered":"http:\/\/www.cordobatimes.com\/deportes\/?p=33007"},"modified":"2017-08-26T13:23:27","modified_gmt":"2017-08-26T16:23:27","slug":"belgrano-perdio-banfield-inicio-la-superliga","status":"publish","type":"post","link":"https:\/\/www.cordobatimes.com\/deportes\/futbol\/2017\/08\/26\/belgrano-perdio-banfield-inicio-la-superliga\/","title":{"rendered":"Belgrano perdi\u00f3 con Banfield en el inici\u00f3 de la Superliga"},"content":{"rendered":"<h3><strong>El Celeste cay\u00f3 2-1 en el estadio Florencio Sol\u00e1 en el inicio del campeonato.<\/strong><\/h3>\n<p>El inicio de la\u00a0Superliga\u00a0para\u00a0Belgrano\u00a0no fue el so\u00f1ado ni mucho menos.<\/p>\n<p>Por la primera fecha del nuevo torneo de Primera Divisi\u00f3n, el equipo de Sebasti\u00e1n M\u00e9ndez fue derrotado por 2-1 ante Banfield en el estadio Florencio Sol\u00e1.<\/p>\n<p>Los goles del local los hicieron Gonzalo Bettini y Dar\u00edo Cvitanich, de penal, a los 12 y a los 14 minutos de juego. A los 35 minutos del segundo tiempo , se expulsado el lateral del Celeste Tom\u00e1s Guindara.Mientras que sobre el cierre del cotejo, Cristian Lema descont\u00f3 de cabeza para el Pirata.<\/p>\n<p>S\u00edntesis<\/p>\n<p><strong>Banfield:<\/strong>\u00a0Iv\u00e1n Arboleda; Gonzalo Bettini, Renato Civelli, Jorge Rodr\u00edguez, Adri\u00e1n Sporle; Mauricio Sperduti, Nicol\u00e1s Linares, Jes\u00fas D\u00e1tolo, Nicol\u00e1s Bertolo; Pablo Mouche y Dar\u00edo Cvitanich. Director t\u00e9cnico: Julio Falcioni.<\/p>\n<p><strong>Belgrano:<\/strong>\u00a0Lucas Acosta; Tom\u00e1s Guidara, Cristian Romero, Cristian Lema, Marcelo Ben\u00edtez; Santiago Mart\u00ednez Pintos, Jorge Ortiz; Neri Bandiera, Mat\u00edas Su\u00e1rez, Mariano Barbieri; Jonathan Ramis. Director t\u00e9cnico: Sebasti\u00e1n M\u00e9ndez. \u00c1rbitro: Germ\u00e1n Delfino. Estadio Florencio Sola (de Banfield).<\/p>\n<p><strong>Goles:<\/strong>\u00a0PT, 12m Bettini (Ban.), 14m Cvitanich (Ban.), de penal, 42m Lema (Bel.).<\/p>\n<p><strong>Cambios:<\/strong>\u00a0ST, al comenzar, Tob\u00edas Figueroa por Bandiera (Bel.), 9m Fabricio Brener \u00a0por Barbieri (Bel.), 34m Epifanio Garc\u00eda por Mart\u00ednez Pinto (Bel.), 35m Mauricio Asenjo por Mouche (Ban.), 40m Claudio Villagra por Cvitanich (Ban.).<\/p>\n<p><strong>Amonestados:<\/strong>\u00a0Bertolo (Ban.), Mart\u00ednez Pinto, Ben\u00edtez y Brener (Bel.). Expulsado: ST, 35m Guidara (Bel.). Estadio: Banfield. Campo de juego: bueno. Espectadores: 18 mil. Suplentes. Facundo Altamirano, Alexis Sosa, Franco Colella, Jonathan G\u00f3mez, Joaqu\u00edn \u00c1lvarez (Ban.). Germ\u00e1n Montoya, Sebasti\u00e1n Luna, Juan Quiroga y Marcos Rivadero (Bel.).<\/p>\n<div>\n<div class=\"body\">\n<p class=\"SubTitulo\"><strong>El resumen que comparti\u00f3 a los medios Fox Sports:<\/strong><\/p>\n<p>El resumen que comparti\u00f3 a los medios Fox Sports<\/p>\n<p><iframe loading=\"lazy\" src=\"https:\/\/api.vodgc.net\/player\/embed\/playerId\/JAYTWI1500998338\/contentId\/5284\" width=\"350\" height=\"350\" frameborder=\"0\" scrolling=\"no\" allowfullscreen=\"allowfullscreen\"><\/iframe><\/p>\n<p><strong>Fuente:Mundo D<\/strong><\/p>\n<\/div>\n<\/div>\n","protected":false},"excerpt":{"rendered":"<p>El Celeste cay\u00f3 2-1 en el estadio Florencio Sol\u00e1 en el inicio del campeonato. El inicio de la\u00a0Superliga\u00a0para\u00a0Belgrano\u00a0no fue el so\u00f1ado ni mucho menos. Por la primera fecha del nuevo torneo de Primera Divisi\u00f3n, el equipo de Sebasti\u00e1n M\u00e9ndez fue derrotado por 2-1 ante Banfield en el estadio Florencio Sol\u00e1. Los goles del local los [&hellip;]<\/p>\n","protected":false},"author":27,"featured_media":33008,"comment_status":"closed","ping_status":"closed","sticky":false,"template":"","format":"standard","meta":{"_seopress_robots_primary_cat":"","_seopress_titles_title":"","_seopress_titles_desc":"","_seopress_robots_index":"","footnotes":""},"categories":[2,16],"tags":[1052,94,105,5605],"class_list":["post-33007","post","type-post","status-publish","format-standard","has-post-thumbnail","hentry","category-futbol","category-primera-division","tag-belgrano-de-cordoba","tag-futbol-argentino","tag-primera-division-2","tag-superliga"],"_links":{"self":[{"href":"https:\/\/www.cordobatimes.com\/deportes\/wp-json\/wp\/v2\/posts\/33007","targetHints":{"allow":["GET"]}}],"collection":[{"href":"https:\/\/www.cordobatimes.com\/deportes\/wp-json\/wp\/v2\/posts"}],"about":[{"href":"https:\/\/www.cordobatimes.com\/deportes\/wp-json\/wp\/v2\/types\/post"}],"author":[{"embeddable":true,"href":"https:\/\/www.cordobatimes.com\/deportes\/wp-json\/wp\/v2\/users\/27"}],"replies":[{"embeddable":true,"href":"https:\/\/www.cordobatimes.com\/deportes\/wp-json\/wp\/v2\/comments?post=33007"}],"version-history":[{"count":0,"href":"https:\/\/www.cordobatimes.com\/deportes\/wp-json\/wp\/v2\/posts\/33007\/revisions"}],"wp:featuredmedia":[{"embeddable":true,"href":"https:\/\/www.cordobatimes.com\/deportes\/wp-json\/wp\/v2\/media\/33008"}],"wp:attachment":[{"href":"https:\/\/www.cordobatimes.com\/deportes\/wp-json\/wp\/v2\/media?parent=33007"}],"wp:term":[{"taxonomy":"category","embeddable":true,"href":"https:\/\/www.cordobatimes.com\/deportes\/wp-json\/wp\/v2\/categories?post=33007"},{"taxonomy":"post_tag","embeddable":true,"href":"https:\/\/www.cordobatimes.com\/deportes\/wp-json\/wp\/v2\/tags?post=33007"}],"curies":[{"name":"wp","href":"https:\/\/api.w.org\/{rel}","templated":true}]}}