{"id":32956,"date":"2017-08-25T12:19:42","date_gmt":"2017-08-25T15:19:42","guid":{"rendered":"http:\/\/www.cordobatimes.com\/deportes\/?p=32956"},"modified":"2017-08-25T13:42:55","modified_gmt":"2017-08-25T16:42:55","slug":"mundial-juvenil-natacion-delfina-pignatiello-gano-la-medalla-oro-los-800-metros-nuevo-record","status":"publish","type":"post","link":"https:\/\/www.cordobatimes.com\/deportes\/polideportivo\/2017\/08\/25\/mundial-juvenil-natacion-delfina-pignatiello-gano-la-medalla-oro-los-800-metros-nuevo-record\/","title":{"rendered":"Mundial juvenil de nataci\u00f3n: Delfina Pignatiello gan\u00f3 la medalla de oro en los 800 metros con un nuevo r\u00e9cord"},"content":{"rendered":"<h3><strong>Con 8m25s22\/100 se impuso f\u00e1cilmente en el certamen que se realiza en Indianapolis; adem\u00e1s, marc\u00f3 una plusmarca en ese tipo de torneos.<\/strong><\/h3>\n<p>La joven argentina\u00a0Delfina Pignatiello\u00a0inscribi\u00f3 este jueves su nombre en los registros de los Campeonatos Mundiales Juveniles de Nataci\u00f3n, al conseguir medalla de oro en los 800 metros libres de la sexta edici\u00f3n del certamen Junior que se desarrolla en la ciudad de Indianapolis, Estados Unidos.<\/p>\n<p>La nadadora bonaerense, de apenas 17 a\u00f1os, estamp\u00f3 para la distancia un incre\u00edble tiempo de 8m25s22\/100, con lo que domin\u00f3 n\u00edtidamente la final para instaurar una nueva marca en este tipo de torneos.<\/p>\n<p><iframe loading=\"lazy\" src=\"https:\/\/vodgc.com\/p\/102\/sp\/10200\/embedIframeJs\/uiconf_id\/23449569\/partner_id\/102?iframeembed=true&#038;playerId=mediaplayer_599ffd95e6631a5dbd361b23_1503677718546_198&#038;entry_id=0_fgwdiphx&#038;flashvars[streamerType]=auto\" width=\"100%\" height=\"395\" allowfullscreen webkitallowfullscreen mozAllowFullScreen frameborder=\"0\"><\/iframe><\/p>\n<p>Pignatiello, oriunda de San Isidro (estudia sexto a\u00f1o en el Colegio Cardenal Esp\u00ednola), le sac\u00f3 m\u00e1s de 5 segundos (5s. 40\/100) a su escolta, la h\u00fangara Ajna Kesely, quien conquist\u00f3 la presea de plata. El tercer escal\u00f3n del podio correspondi\u00f3 a la espa\u00f1ola Aguela Cons Gestido, con un registro de 8m30s. 85\/100<\/p>\n<p>Pignatiello hab\u00eda obtenido un tiempo menor, 8m25s05\/100, que represent\u00f3 la mejor marca nacional en la distancia. Esa jornada de gloria la vivi\u00f3 en Windsor (Canad\u00e1), en diciembre pasado. La cordobesa Delfina Dini, en tanto, en la misma distancia, obtuvo el 18vo. puesto, con un tiempo de 8m. 55s. 88\/100.<\/p>\n<blockquote class=\"instagram-media\" style=\"background: #FFF; border: 0; border-radius: 3px; box-shadow: 0 0 1px 0 rgba(0,0,0,0.5),0 1px 10px 0 rgba(0,0,0,0.15); margin: 1px; max-width: 658px; padding: 0; width: calc(100% - 2px);\" data-instgrm-captioned=\"\" data-instgrm-version=\"7\">\n<div style=\"padding: 8px;\">\n<div style=\"background: #F8F8F8; line-height: 0; margin-top: 40px; padding: 50% 0; text-align: center; width: 100%;\"><\/div>\n<p style=\"margin: 8px 0 0 0; padding: 0 4px;\"><a style=\"color: #000; font-family: Arial,sans-serif; font-size: 14px; font-style: normal; font-weight: normal; line-height: 17px; text-decoration: none; word-wrap: break-word;\" href=\"https:\/\/www.instagram.com\/p\/BYD9gkqjlLZ\/\" target=\"_blank\" rel=\"noopener noreferrer\">And then two years later&#8230; Singapore 2015 \u27a1\ufe0f Indian\u00e1polis 2017 #JWorldChampionships ????<\/a><\/p>\n<p style=\"color: #c9c8cd; font-family: Arial,sans-serif; font-size: 14px; line-height: 17px; margin-bottom: 0; margin-top: 8px; overflow: hidden; padding: 8px 0 7px; text-align: center; text-overflow: ellipsis; white-space: nowrap;\">Una publicaci\u00f3n compartida de Delfi Pignatiello? (@delfipignatiello) el <time style=\"font-family: Arial,sans-serif; font-size: 14px; line-height: 17px;\" datetime=\"2017-08-21T16:04:54+00:00\">21 de Ago de 2017 a la(s) 9:04 PDT<\/time><\/p>\n<\/div>\n<\/blockquote>\n<p><script async defer src=\"\/\/platform.instagram.com\/en_US\/embeds.js\"><\/script><\/p>\n<p><strong>Fuente: Tel\u00e1m<\/strong><\/p>\n","protected":false},"excerpt":{"rendered":"<p>Con 8m25s22\/100 se impuso f\u00e1cilmente en el certamen que se realiza en Indianapolis; adem\u00e1s, marc\u00f3 una plusmarca en ese tipo de torneos. La joven argentina\u00a0Delfina Pignatiello\u00a0inscribi\u00f3 este jueves su nombre en los registros de los Campeonatos Mundiales Juveniles de Nataci\u00f3n, al conseguir medalla de oro en los 800 metros libres de la sexta edici\u00f3n del [&hellip;]<\/p>\n","protected":false},"author":27,"featured_media":32957,"comment_status":"closed","ping_status":"closed","sticky":false,"template":"","format":"standard","meta":{"_seopress_robots_primary_cat":"","_seopress_titles_title":"","_seopress_titles_desc":"","_seopress_robots_index":"","footnotes":""},"categories":[6],"tags":[6071,1853,6070,6047,6072],"class_list":["post-32956","post","type-post","status-publish","format-standard","has-post-thumbnail","hentry","category-polideportivo","tag-delfina-pignatiello","tag-medalla-de-oro","tag-mundial-juvenil-de-natacion","tag-polideportivo","tag-record-en-indianapolis"],"_links":{"self":[{"href":"https:\/\/www.cordobatimes.com\/deportes\/wp-json\/wp\/v2\/posts\/32956","targetHints":{"allow":["GET"]}}],"collection":[{"href":"https:\/\/www.cordobatimes.com\/deportes\/wp-json\/wp\/v2\/posts"}],"about":[{"href":"https:\/\/www.cordobatimes.com\/deportes\/wp-json\/wp\/v2\/types\/post"}],"author":[{"embeddable":true,"href":"https:\/\/www.cordobatimes.com\/deportes\/wp-json\/wp\/v2\/users\/27"}],"replies":[{"embeddable":true,"href":"https:\/\/www.cordobatimes.com\/deportes\/wp-json\/wp\/v2\/comments?post=32956"}],"version-history":[{"count":0,"href":"https:\/\/www.cordobatimes.com\/deportes\/wp-json\/wp\/v2\/posts\/32956\/revisions"}],"wp:featuredmedia":[{"embeddable":true,"href":"https:\/\/www.cordobatimes.com\/deportes\/wp-json\/wp\/v2\/media\/32957"}],"wp:attachment":[{"href":"https:\/\/www.cordobatimes.com\/deportes\/wp-json\/wp\/v2\/media?parent=32956"}],"wp:term":[{"taxonomy":"category","embeddable":true,"href":"https:\/\/www.cordobatimes.com\/deportes\/wp-json\/wp\/v2\/categories?post=32956"},{"taxonomy":"post_tag","embeddable":true,"href":"https:\/\/www.cordobatimes.com\/deportes\/wp-json\/wp\/v2\/tags?post=32956"}],"curies":[{"name":"wp","href":"https:\/\/api.w.org\/{rel}","templated":true}]}}