{"id":32940,"date":"2017-08-25T00:44:29","date_gmt":"2017-08-25T03:44:29","guid":{"rendered":"http:\/\/www.cordobatimes.com\/deportes\/?p=32940"},"modified":"2017-08-25T00:44:29","modified_gmt":"2017-08-25T03:44:29","slug":"la-t-nueva-casaca","status":"publish","type":"post","link":"https:\/\/www.cordobatimes.com\/deportes\/futbol\/2017\/08\/25\/la-t-nueva-casaca\/","title":{"rendered":"La &#8220;T&#8221; tiene nueva casaca"},"content":{"rendered":"<h3><strong>Talleres present\u00f3 la remera que utilizar\u00e1 en la Superliga.<\/strong><\/h3>\n<p>En la tarde del jueves en la tienda oficial del club en el Paseo del Jockey, en la zona sur de la ciudad, fue exhibida la flamante indumentaria que utilizar\u00e1 el &#8220;Albiazul&#8221; en el pr\u00f3ximo campeonato.<\/p>\n<p>En la exposici\u00f3n de la misma, estuvieron el presidente Andr\u00e9s Fassi, el DT Frank Dar\u00edo Kudelka y algunos integrantes del plantel: Guido Herrera, Nicol\u00e1s Gim\u00e9nez, Leonardo Godoy, Pablo Gui\u00f1az\u00fa, Marcelo Torres, entre otros.<\/p>\n<p><img loading=\"lazy\" decoding=\"async\" class=\" wp-image-32944 aligncenter\" src=\"http:\/\/www.cordobatimes.com\/deportes\/wp-content\/uploads\/2017\/08\/taier-300x165.jpg\" alt=\"\" width=\"298\" height=\"164\" srcset=\"https:\/\/www.cordobatimes.com\/deportes\/wp-content\/uploads\/2017\/08\/taier-300x165.jpg 300w, https:\/\/www.cordobatimes.com\/deportes\/wp-content\/uploads\/2017\/08\/taier-768x422.jpg 768w, https:\/\/www.cordobatimes.com\/deportes\/wp-content\/uploads\/2017\/08\/taier-696x385.jpg 696w, https:\/\/www.cordobatimes.com\/deportes\/wp-content\/uploads\/2017\/08\/taier-765x420.jpg 765w, https:\/\/www.cordobatimes.com\/deportes\/wp-content\/uploads\/2017\/08\/taier.jpg 963w\" sizes=\"auto, (max-width: 298px) 100vw, 298px\" \/><\/p>\n<p><strong>Mir\u00e1 el video de la casaca:<\/strong><\/p>\n<p><iframe loading=\"lazy\" width=\"696\" height=\"392\" src=\"https:\/\/www.youtube.com\/embed\/fqXL9K43M-E?feature=oembed\" frameborder=\"0\" allow=\"autoplay; encrypted-media\" allowfullscreen><\/iframe><\/p>\n<p>&nbsp;<\/p>\n<blockquote class=\"twitter-tweet\" data-lang=\"es\">\n<p dir=\"ltr\" lang=\"es\"><a href=\"https:\/\/twitter.com\/hashtag\/MiMundoAzulyBlanco?src=hash\">#MiMundoAzulyBlanco<\/a> | La nueva camiseta de <a href=\"https:\/\/twitter.com\/hashtag\/Talleres?src=hash\">#Talleres<\/a> para la <a href=\"https:\/\/twitter.com\/hashtag\/Superliga?src=hash\">#Superliga<\/a> 2017\/18. <a href=\"https:\/\/t.co\/wWazLPU4iE\">pic.twitter.com\/wWazLPU4iE<\/a><\/p>\n<p>\u2014 Talleres (@CATalleresdecba) <a href=\"https:\/\/twitter.com\/CATalleresdecba\/status\/900840274473123841\">24 de agosto de 2017<\/a><\/p><\/blockquote>\n<p><script async src=\"\/\/platform.twitter.com\/widgets.js\" charset=\"utf-8\"><\/script><\/p>\n","protected":false},"excerpt":{"rendered":"<p>Talleres present\u00f3 la remera que utilizar\u00e1 en la Superliga. En la tarde del jueves en la tienda oficial del club en el Paseo del Jockey, en la zona sur de la ciudad, fue exhibida la flamante indumentaria que utilizar\u00e1 el &#8220;Albiazul&#8221; en el pr\u00f3ximo campeonato. En la exposici\u00f3n de la misma, estuvieron el presidente Andr\u00e9s [&hellip;]<\/p>\n","protected":false},"author":26,"featured_media":32943,"comment_status":"closed","ping_status":"closed","sticky":false,"template":"","format":"standard","meta":{"_seopress_robots_primary_cat":"","_seopress_titles_title":"","_seopress_titles_desc":"","_seopress_robots_index":"","footnotes":""},"categories":[2,16],"tags":[6058,6069,5605,40],"class_list":["post-32940","post","type-post","status-publish","format-standard","has-post-thumbnail","hentry","category-futbol","category-primera-division","tag-6058","tag-nueva-remera-de-talleres","tag-superliga","tag-talleres"],"_links":{"self":[{"href":"https:\/\/www.cordobatimes.com\/deportes\/wp-json\/wp\/v2\/posts\/32940","targetHints":{"allow":["GET"]}}],"collection":[{"href":"https:\/\/www.cordobatimes.com\/deportes\/wp-json\/wp\/v2\/posts"}],"about":[{"href":"https:\/\/www.cordobatimes.com\/deportes\/wp-json\/wp\/v2\/types\/post"}],"author":[{"embeddable":true,"href":"https:\/\/www.cordobatimes.com\/deportes\/wp-json\/wp\/v2\/users\/26"}],"replies":[{"embeddable":true,"href":"https:\/\/www.cordobatimes.com\/deportes\/wp-json\/wp\/v2\/comments?post=32940"}],"version-history":[{"count":0,"href":"https:\/\/www.cordobatimes.com\/deportes\/wp-json\/wp\/v2\/posts\/32940\/revisions"}],"wp:featuredmedia":[{"embeddable":true,"href":"https:\/\/www.cordobatimes.com\/deportes\/wp-json\/wp\/v2\/media\/32943"}],"wp:attachment":[{"href":"https:\/\/www.cordobatimes.com\/deportes\/wp-json\/wp\/v2\/media?parent=32940"}],"wp:term":[{"taxonomy":"category","embeddable":true,"href":"https:\/\/www.cordobatimes.com\/deportes\/wp-json\/wp\/v2\/categories?post=32940"},{"taxonomy":"post_tag","embeddable":true,"href":"https:\/\/www.cordobatimes.com\/deportes\/wp-json\/wp\/v2\/tags?post=32940"}],"curies":[{"name":"wp","href":"https:\/\/api.w.org\/{rel}","templated":true}]}}