{"id":32934,"date":"2017-08-24T15:57:04","date_gmt":"2017-08-24T18:57:04","guid":{"rendered":"http:\/\/www.cordobatimes.com\/deportes\/?p=32934"},"modified":"2017-08-25T01:13:18","modified_gmt":"2017-08-25T04:13:18","slug":"gabriel-ramirez-se-suma-la-t","status":"publish","type":"post","link":"https:\/\/www.cordobatimes.com\/deportes\/futbol\/2017\/08\/24\/gabriel-ramirez-se-suma-la-t\/","title":{"rendered":"Gabriel Ram\u00edrez se suma a la &#8220;T&#8221;"},"content":{"rendered":"<h3><strong>El jugador fue anunciado como refuerzo por Andr\u00e9s Fassi en la conferencia de prensa que brind\u00f3 hoy.<\/strong><\/h3>\n<p>Hace dos a\u00f1os, cuando el &#8220;Albiazul&#8221; militaba en el Federal A, estuvo muy cerca de llegar al club. Este jueves, el presidente dio a conocer el arribo del mediocampista a la entidad.<\/p>\n<p>Gabriel es volante central y pertenece a Lan\u00fas. Sin embargo, en la \u00faltima temporada visti\u00f3 los colores de Quilmes.<\/p>\n<p>En el &#8220;Cervecero&#8221;, equipo con el cual perdi\u00f3 la categor\u00eda el \u00faltimo torneo, marc\u00f3 dos goles en 23 cotejos.<\/p>\n<p><strong><em>As\u00ed juega Gabriel Ram\u00edrez:<\/em><\/strong><\/p>\n<p><iframe loading=\"lazy\" width=\"696\" height=\"392\" src=\"https:\/\/www.youtube.com\/embed\/T6Yemhkqkyo?feature=oembed\" frameborder=\"0\" allow=\"autoplay; encrypted-media\" allowfullscreen><\/iframe><\/p>\n<p>&nbsp;<\/p>\n","protected":false},"excerpt":{"rendered":"<p>El jugador fue anunciado como refuerzo por Andr\u00e9s Fassi en la conferencia de prensa que brind\u00f3 hoy. Hace dos a\u00f1os, cuando el &#8220;Albiazul&#8221; militaba en el Federal A, estuvo muy cerca de llegar al club. Este jueves, el presidente dio a conocer el arribo del mediocampista a la entidad. Gabriel es volante central y pertenece [&hellip;]<\/p>\n","protected":false},"author":26,"featured_media":32938,"comment_status":"closed","ping_status":"closed","sticky":false,"template":"","format":"standard","meta":{"_seopress_robots_primary_cat":"","_seopress_titles_title":"","_seopress_titles_desc":"","_seopress_robots_index":"","footnotes":""},"categories":[2],"tags":[],"class_list":["post-32934","post","type-post","status-publish","format-standard","has-post-thumbnail","hentry","category-futbol"],"_links":{"self":[{"href":"https:\/\/www.cordobatimes.com\/deportes\/wp-json\/wp\/v2\/posts\/32934","targetHints":{"allow":["GET"]}}],"collection":[{"href":"https:\/\/www.cordobatimes.com\/deportes\/wp-json\/wp\/v2\/posts"}],"about":[{"href":"https:\/\/www.cordobatimes.com\/deportes\/wp-json\/wp\/v2\/types\/post"}],"author":[{"embeddable":true,"href":"https:\/\/www.cordobatimes.com\/deportes\/wp-json\/wp\/v2\/users\/26"}],"replies":[{"embeddable":true,"href":"https:\/\/www.cordobatimes.com\/deportes\/wp-json\/wp\/v2\/comments?post=32934"}],"version-history":[{"count":0,"href":"https:\/\/www.cordobatimes.com\/deportes\/wp-json\/wp\/v2\/posts\/32934\/revisions"}],"wp:featuredmedia":[{"embeddable":true,"href":"https:\/\/www.cordobatimes.com\/deportes\/wp-json\/wp\/v2\/media\/32938"}],"wp:attachment":[{"href":"https:\/\/www.cordobatimes.com\/deportes\/wp-json\/wp\/v2\/media?parent=32934"}],"wp:term":[{"taxonomy":"category","embeddable":true,"href":"https:\/\/www.cordobatimes.com\/deportes\/wp-json\/wp\/v2\/categories?post=32934"},{"taxonomy":"post_tag","embeddable":true,"href":"https:\/\/www.cordobatimes.com\/deportes\/wp-json\/wp\/v2\/tags?post=32934"}],"curies":[{"name":"wp","href":"https:\/\/api.w.org\/{rel}","templated":true}]}}