{"id":32866,"date":"2017-08-23T00:45:28","date_gmt":"2017-08-23T03:45:28","guid":{"rendered":"http:\/\/www.cordobatimes.com\/deportes\/?p=32866"},"modified":"2017-08-23T00:50:46","modified_gmt":"2017-08-23T03:50:46","slug":"talleres-presento-su-nuevo-colectivo","status":"publish","type":"post","link":"https:\/\/www.cordobatimes.com\/deportes\/futbol\/2017\/08\/23\/talleres-presento-su-nuevo-colectivo\/","title":{"rendered":"\u00a1Talleres present\u00f3 su nuevo colectivo!"},"content":{"rendered":"<h3><strong>Este martes\u00a0en La Boutique, la &#8220;T&#8221; exhibi\u00f3 el bus que trasladar\u00e1 al plantel superior a lo largo de la Superliga.\u00a0<\/strong><\/h3>\n<p>En la semana previa al inicio del pr\u00f3ximo campeonato de Primera Divisi\u00f3n, el club mostr\u00f3 el espectacular veh\u00edculo que utilizar\u00e1 en la mayor\u00eda de los viajes que realizar\u00e1 el plantel.<\/p>\n<p>El coche Volvo de la empresa Andesmar posee las mejores comodidades para el traslado de los deportistas ya que cuenta con m\u00e1s espacio, asientos de cuero, pantallas led y puertos USB, entre otros detalles.<\/p>\n<p>En la exposici\u00f3n estuvieron presentes Andr\u00e9s Fassi junto a dirigentes de la Comisi\u00f3n Directiva, Mauricio Badalino (presidente de Andesmar), el cuerpo t\u00e9cnico y jugadores del plantel supereior. Posteriormente, el &#8220;bondi&#8221; recorri\u00f3 parte de la ciudad.<\/p>\n<p><strong>Contra Lan\u00fas:\u00a0<\/strong>El \u00e1rbitro designado para el debut de Talleres en la Superliga es Mauro Vigliano.<\/p>\n<blockquote class=\"twitter-tweet\" data-lang=\"es\">\n<p dir=\"ltr\" lang=\"es\">[ARBITRAJE] <a href=\"https:\/\/twitter.com\/hashtag\/PrimeraDivisi%C3%B3n?src=hash\">#PrimeraDivisi\u00f3n<\/a> Fecha 1: Talleres &#8211; Lan\u00fas, Mauro Vigliano con Ariel Scime y Sergio Zoratti. <a href=\"https:\/\/t.co\/jxglzs8MiU\">pic.twitter.com\/jxglzs8MiU<\/a><\/p>\n<p>\u2014 AFA (@afa) <a href=\"https:\/\/twitter.com\/afa\/status\/900032370727899136\">22 de agosto de 2017<\/a><\/p><\/blockquote>\n<p><script async src=\"\/\/platform.twitter.com\/widgets.js\" charset=\"utf-8\"><\/script><\/p>\n<p>&nbsp;<\/p>\n<p><strong>Mir\u00e1 las fotos del &#8220;bondi albiazul&#8221;:<\/strong><\/p>\n<p>&nbsp;<\/p>\n<p><img loading=\"lazy\" decoding=\"async\" class=\"size-medium wp-image-32893 aligncenter\" src=\"http:\/\/www.cordobatimes.com\/deportes\/wp-content\/uploads\/2017\/08\/6-300x200.jpg\" alt=\"\" width=\"300\" height=\"200\" srcset=\"https:\/\/www.cordobatimes.com\/deportes\/wp-content\/uploads\/2017\/08\/6-300x200.jpg 300w, https:\/\/www.cordobatimes.com\/deportes\/wp-content\/uploads\/2017\/08\/6-768x511.jpg 768w, https:\/\/www.cordobatimes.com\/deportes\/wp-content\/uploads\/2017\/08\/6-1024x682.jpg 1024w, https:\/\/www.cordobatimes.com\/deportes\/wp-content\/uploads\/2017\/08\/6-696x463.jpg 696w, https:\/\/www.cordobatimes.com\/deportes\/wp-content\/uploads\/2017\/08\/6-1068x711.jpg 1068w, https:\/\/www.cordobatimes.com\/deportes\/wp-content\/uploads\/2017\/08\/6-631x420.jpg 631w, https:\/\/www.cordobatimes.com\/deportes\/wp-content\/uploads\/2017\/08\/6.jpg 1600w\" sizes=\"auto, (max-width: 300px) 100vw, 300px\" \/><\/p>\n<p><img loading=\"lazy\" decoding=\"async\" class=\"size-medium wp-image-32894 aligncenter\" src=\"http:\/\/www.cordobatimes.com\/deportes\/wp-content\/uploads\/2017\/08\/7-300x200.jpg\" alt=\"\" width=\"300\" height=\"200\" srcset=\"https:\/\/www.cordobatimes.com\/deportes\/wp-content\/uploads\/2017\/08\/7-300x200.jpg 300w, https:\/\/www.cordobatimes.com\/deportes\/wp-content\/uploads\/2017\/08\/7-768x511.jpg 768w, https:\/\/www.cordobatimes.com\/deportes\/wp-content\/uploads\/2017\/08\/7-1024x682.jpg 1024w, https:\/\/www.cordobatimes.com\/deportes\/wp-content\/uploads\/2017\/08\/7-696x463.jpg 696w, https:\/\/www.cordobatimes.com\/deportes\/wp-content\/uploads\/2017\/08\/7-1068x711.jpg 1068w, https:\/\/www.cordobatimes.com\/deportes\/wp-content\/uploads\/2017\/08\/7-631x420.jpg 631w, https:\/\/www.cordobatimes.com\/deportes\/wp-content\/uploads\/2017\/08\/7.jpg 1600w\" sizes=\"auto, (max-width: 300px) 100vw, 300px\" \/><\/p>\n<p><img loading=\"lazy\" decoding=\"async\" class=\"size-medium wp-image-32895 aligncenter\" src=\"http:\/\/www.cordobatimes.com\/deportes\/wp-content\/uploads\/2017\/08\/DH3jQlvXcAA2Dcx-260x300.jpg\" alt=\"\" width=\"260\" height=\"300\" srcset=\"https:\/\/www.cordobatimes.com\/deportes\/wp-content\/uploads\/2017\/08\/DH3jQlvXcAA2Dcx-260x300.jpg 260w, https:\/\/www.cordobatimes.com\/deportes\/wp-content\/uploads\/2017\/08\/DH3jQlvXcAA2Dcx-696x803.jpg 696w, https:\/\/www.cordobatimes.com\/deportes\/wp-content\/uploads\/2017\/08\/DH3jQlvXcAA2Dcx-364x420.jpg 364w, https:\/\/www.cordobatimes.com\/deportes\/wp-content\/uploads\/2017\/08\/DH3jQlvXcAA2Dcx.jpg 720w\" sizes=\"auto, (max-width: 260px) 100vw, 260px\" \/><\/p>\n<p><img loading=\"lazy\" decoding=\"async\" class=\"size-medium wp-image-32896 aligncenter\" src=\"http:\/\/www.cordobatimes.com\/deportes\/wp-content\/uploads\/2017\/08\/whatsapp_image_2017-08-22_at_19-300x157.jpg\" alt=\"\" width=\"300\" height=\"157\" srcset=\"https:\/\/www.cordobatimes.com\/deportes\/wp-content\/uploads\/2017\/08\/whatsapp_image_2017-08-22_at_19-300x157.jpg 300w, https:\/\/www.cordobatimes.com\/deportes\/wp-content\/uploads\/2017\/08\/whatsapp_image_2017-08-22_at_19-768x403.jpg 768w, https:\/\/www.cordobatimes.com\/deportes\/wp-content\/uploads\/2017\/08\/whatsapp_image_2017-08-22_at_19-696x365.jpg 696w, https:\/\/www.cordobatimes.com\/deportes\/wp-content\/uploads\/2017\/08\/whatsapp_image_2017-08-22_at_19-800x420.jpg 800w, https:\/\/www.cordobatimes.com\/deportes\/wp-content\/uploads\/2017\/08\/whatsapp_image_2017-08-22_at_19.jpg 1008w\" sizes=\"auto, (max-width: 300px) 100vw, 300px\" \/><\/p>\n","protected":false},"excerpt":{"rendered":"<p>Este martes\u00a0en La Boutique, la &#8220;T&#8221; exhibi\u00f3 el bus que trasladar\u00e1 al plantel superior a lo largo de la Superliga.\u00a0 En la semana previa al inicio del pr\u00f3ximo campeonato de Primera Divisi\u00f3n, el club mostr\u00f3 el espectacular veh\u00edculo que utilizar\u00e1 en la mayor\u00eda de los viajes que realizar\u00e1 el plantel. El coche Volvo de la [&hellip;]<\/p>\n","protected":false},"author":26,"featured_media":32890,"comment_status":"closed","ping_status":"closed","sticky":false,"template":"","format":"standard","meta":{"_seopress_robots_primary_cat":"","_seopress_titles_title":"","_seopress_titles_desc":"","_seopress_robots_index":"","footnotes":""},"categories":[2,16],"tags":[6064,6065,5988,40],"class_list":["post-32866","post","type-post","status-publish","format-standard","has-post-thumbnail","hentry","category-futbol","category-primera-division","tag-andesmar","tag-bondi-nuevo","tag-la-boutique","tag-talleres"],"_links":{"self":[{"href":"https:\/\/www.cordobatimes.com\/deportes\/wp-json\/wp\/v2\/posts\/32866","targetHints":{"allow":["GET"]}}],"collection":[{"href":"https:\/\/www.cordobatimes.com\/deportes\/wp-json\/wp\/v2\/posts"}],"about":[{"href":"https:\/\/www.cordobatimes.com\/deportes\/wp-json\/wp\/v2\/types\/post"}],"author":[{"embeddable":true,"href":"https:\/\/www.cordobatimes.com\/deportes\/wp-json\/wp\/v2\/users\/26"}],"replies":[{"embeddable":true,"href":"https:\/\/www.cordobatimes.com\/deportes\/wp-json\/wp\/v2\/comments?post=32866"}],"version-history":[{"count":0,"href":"https:\/\/www.cordobatimes.com\/deportes\/wp-json\/wp\/v2\/posts\/32866\/revisions"}],"wp:featuredmedia":[{"embeddable":true,"href":"https:\/\/www.cordobatimes.com\/deportes\/wp-json\/wp\/v2\/media\/32890"}],"wp:attachment":[{"href":"https:\/\/www.cordobatimes.com\/deportes\/wp-json\/wp\/v2\/media?parent=32866"}],"wp:term":[{"taxonomy":"category","embeddable":true,"href":"https:\/\/www.cordobatimes.com\/deportes\/wp-json\/wp\/v2\/categories?post=32866"},{"taxonomy":"post_tag","embeddable":true,"href":"https:\/\/www.cordobatimes.com\/deportes\/wp-json\/wp\/v2\/tags?post=32866"}],"curies":[{"name":"wp","href":"https:\/\/api.w.org\/{rel}","templated":true}]}}