{"id":32832,"date":"2017-08-21T16:50:43","date_gmt":"2017-08-21T19:50:43","guid":{"rendered":"http:\/\/www.cordobatimes.com\/deportes\/?p=32832"},"modified":"2017-08-21T22:38:38","modified_gmt":"2017-08-22T01:38:38","slug":"que-le-falta-a-talleres","status":"publish","type":"post","link":"https:\/\/www.cordobatimes.com\/deportes\/futbol\/2017\/08\/21\/que-le-falta-a-talleres\/","title":{"rendered":"\u00bfQu\u00e9 le falta a Talleres?"},"content":{"rendered":"<h3><strong>El DT Frank Dar\u00edo Kudelka espera por un lateral por derecha, un volante interno y un delantero de \u00e1rea. La directiva est\u00e1 cerrando negociaciones.<\/strong><\/h3>\n<p>Cada vez falta menos para el arranque de la Superliga y la &#8220;T&#8221; a\u00fan no se despidi\u00f3 del mercado de pases. El propio Kudelka fue quien remarc\u00f3 la necesidad de traer, al menos, tres refuerzos m\u00e1s. Los puestos a cubrir son el de un delantero de \u00e1rea, un volante interior y un lateral derecho.<\/p>\n<p>El presidente Andr\u00e9s Fassi est\u00e1 cerrando negociaciones para cumplir las carencias del equipo. Por el &#8220;9&#8221; que tanto falt\u00f3 en Talleres el torneo pasado, quien est\u00e1 a un paso de llegar al club es Marcelo &#8220;Chelo&#8221; Torres. El juvenil de Boca estuvo presente en el entrenamiento de hoy del &#8220;Albiazul&#8221; y ma\u00f1ana se convertir\u00eda en refuerzo.<\/p>\n<p>Respecto al hueco que dej\u00f3 la salida de Leonardo Gil en el mediocampo y, tras la cada vez m\u00e1s lejana llegada de Fernando Zuqui, son\u00f3 muy fuerte el nombre de V\u00edctor Ayala. El volante llegar\u00eda a Boca Juniors pero ser\u00eda cedido hasta diciembre al &#8220;Matador&#8221;.<\/p>\n<p><strong>Debut:\u00a0<\/strong>Talleres har\u00e1 su presentaci\u00f3n en el campeonato de Primera Divisi\u00f3n 2017\/2018 el s\u00e1bado 26 a las 18:05 hs ante Lan\u00fas en el Mario Alberto Kempes.<\/p>\n<p><strong>El fixture de Talleres:<\/strong><\/p>\n<blockquote class=\"twitter-tweet\" data-lang=\"es\">\n<p dir=\"ltr\" lang=\"es\"><a href=\"https:\/\/twitter.com\/hashtag\/Superliga?src=hash\">#Superliga<\/a> | Descarg\u00e1 el Fixture de la &#8220;T&#8221; con d\u00edas y horarios para las primeras 12 fechas \u2192 <a href=\"https:\/\/t.co\/ljlgyd6QgW\">https:\/\/t.co\/ljlgyd6QgW<\/a> <a href=\"https:\/\/t.co\/FAdoSD4VF2\">pic.twitter.com\/FAdoSD4VF2<\/a><\/p>\n<p>\u2014 Talleres (@CATalleresdecba) <a href=\"https:\/\/twitter.com\/CATalleresdecba\/status\/899255975764307968\">20 de agosto de 2017<\/a><\/p><\/blockquote>\n<p><script async src=\"\/\/platform.twitter.com\/widgets.js\" charset=\"utf-8\"><\/script><\/p>\n","protected":false},"excerpt":{"rendered":"<p>El DT Frank Dar\u00edo Kudelka espera por un lateral por derecha, un volante interno y un delantero de \u00e1rea. La directiva est\u00e1 cerrando negociaciones. Cada vez falta menos para el arranque de la Superliga y la &#8220;T&#8221; a\u00fan no se despidi\u00f3 del mercado de pases. El propio Kudelka fue quien remarc\u00f3 la necesidad de traer, [&hellip;]<\/p>\n","protected":false},"author":26,"featured_media":32834,"comment_status":"closed","ping_status":"closed","sticky":false,"template":"","format":"standard","meta":{"_seopress_robots_primary_cat":"","_seopress_titles_title":"","_seopress_titles_desc":"","_seopress_robots_index":"","footnotes":""},"categories":[2,16],"tags":[6058,3366,4748,73,6057,516,448,5605,40,6056],"class_list":["post-32832","post","type-post","status-publish","format-standard","has-post-thumbnail","hentry","category-futbol","category-primera-division","tag-6058","tag-andres-fassi","tag-frank-dario-kudelka","tag-lanus","tag-marcelo-chelo-torres","tag-mario-alberto-kempes","tag-refuerzos","tag-superliga","tag-talleres","tag-victor-ayala"],"_links":{"self":[{"href":"https:\/\/www.cordobatimes.com\/deportes\/wp-json\/wp\/v2\/posts\/32832","targetHints":{"allow":["GET"]}}],"collection":[{"href":"https:\/\/www.cordobatimes.com\/deportes\/wp-json\/wp\/v2\/posts"}],"about":[{"href":"https:\/\/www.cordobatimes.com\/deportes\/wp-json\/wp\/v2\/types\/post"}],"author":[{"embeddable":true,"href":"https:\/\/www.cordobatimes.com\/deportes\/wp-json\/wp\/v2\/users\/26"}],"replies":[{"embeddable":true,"href":"https:\/\/www.cordobatimes.com\/deportes\/wp-json\/wp\/v2\/comments?post=32832"}],"version-history":[{"count":0,"href":"https:\/\/www.cordobatimes.com\/deportes\/wp-json\/wp\/v2\/posts\/32832\/revisions"}],"wp:featuredmedia":[{"embeddable":true,"href":"https:\/\/www.cordobatimes.com\/deportes\/wp-json\/wp\/v2\/media\/32834"}],"wp:attachment":[{"href":"https:\/\/www.cordobatimes.com\/deportes\/wp-json\/wp\/v2\/media?parent=32832"}],"wp:term":[{"taxonomy":"category","embeddable":true,"href":"https:\/\/www.cordobatimes.com\/deportes\/wp-json\/wp\/v2\/categories?post=32832"},{"taxonomy":"post_tag","embeddable":true,"href":"https:\/\/www.cordobatimes.com\/deportes\/wp-json\/wp\/v2\/tags?post=32832"}],"curies":[{"name":"wp","href":"https:\/\/api.w.org\/{rel}","templated":true}]}}