{"id":32818,"date":"2017-08-20T21:25:02","date_gmt":"2017-08-21T00:25:02","guid":{"rendered":"http:\/\/www.cordobatimes.com\/deportes\/?p=32818"},"modified":"2017-08-20T22:33:48","modified_gmt":"2017-08-21T01:33:48","slug":"barcelona-derroto-al-betis-debut-la-liga","status":"publish","type":"post","link":"https:\/\/www.cordobatimes.com\/deportes\/futbol\/2017\/08\/20\/barcelona-derroto-al-betis-debut-la-liga\/","title":{"rendered":"Barcelona derrot\u00f3 al Betis en su debut en la Liga"},"content":{"rendered":"<h3><strong>Gan\u00f3 2-0 con goles de Tosca (en contra) y Sergi Roberto. Lionel Messi estuvo acompa\u00f1ado de Paco Alc\u00e1cer y Gerard Deulofeu en la delantera.<\/strong><\/h3>\n<div class=\"row\">\n<div class=\"col-xs-12 col-print-12\">\n<p class=\"element element-paragraph\">El renovado\u00a0Barcelona\u00a0de Ernesto Valverde se impuso por\u00a02-0\u00a0ante el\u00a0<strong>Betis<\/strong>\u00a0en el Camp Nou, en el duelo v\u00e1lido por la primera fecha de la edici\u00f3n 2017-2018 de la Liga espa\u00f1ola. En una ciudad a\u00fan golpeada por el\u00a0atentado terrorista en la rambla,\u00a0el conjunto catal\u00e1n logr\u00f3 una victoria que trae<strong>\u00a0<\/strong>algo de tranquilidad al convulsionado presente de la instituci\u00f3n.<\/p>\n<\/div>\n<\/div>\n<div class=\"row\">\n<div class=\"col-xs-12 col-print-12\">\n<p class=\"element element-paragraph\">Barcelona hizo su debut en la Liga en un panorama complejo.\u00a0Ya sin Neymar -tras su millonario pase al PSG<strong>&#8211; <\/strong>y sin Luis Su\u00e1rez<strong>&#8211; <\/strong>que ser\u00e1 baja por un mes por lesi\u00f3n<strong>-, <\/strong>Lionel Messi improvisaba una nueva delantera junto a Deulofeu y Paco Alc\u00e1cer<strong>.<\/strong>\u00a0Con el golpe de la Supercopa de Espa\u00f1a perdida ante el Real Madrid a\u00fan fresco, el conjunto &#8220;Azulgrana&#8221; fue en busca de la recuperaci\u00f3n.<\/p>\n<p class=\"element element-paragraph\"><strong>Fuente : Infobae<\/strong><\/p>\n<\/div>\n<\/div>\n","protected":false},"excerpt":{"rendered":"<p>Gan\u00f3 2-0 con goles de Tosca (en contra) y Sergi Roberto. Lionel Messi estuvo acompa\u00f1ado de Paco Alc\u00e1cer y Gerard Deulofeu en la delantera. El renovado\u00a0Barcelona\u00a0de Ernesto Valverde se impuso por\u00a02-0\u00a0ante el\u00a0Betis\u00a0en el Camp Nou, en el duelo v\u00e1lido por la primera fecha de la edici\u00f3n 2017-2018 de la Liga espa\u00f1ola. En una ciudad a\u00fan [&hellip;]<\/p>\n","protected":false},"author":27,"featured_media":32819,"comment_status":"closed","ping_status":"closed","sticky":false,"template":"","format":"standard","meta":{"_seopress_robots_primary_cat":"","_seopress_titles_title":"","_seopress_titles_desc":"","_seopress_robots_index":"","footnotes":""},"categories":[2,18],"tags":[67,2020,886],"class_list":["post-32818","post","type-post","status-publish","format-standard","has-post-thumbnail","hentry","category-futbol","category-futbol-internacional","tag-barcelona","tag-leo-messi"],"_links":{"self":[{"href":"https:\/\/www.cordobatimes.com\/deportes\/wp-json\/wp\/v2\/posts\/32818","targetHints":{"allow":["GET"]}}],"collection":[{"href":"https:\/\/www.cordobatimes.com\/deportes\/wp-json\/wp\/v2\/posts"}],"about":[{"href":"https:\/\/www.cordobatimes.com\/deportes\/wp-json\/wp\/v2\/types\/post"}],"author":[{"embeddable":true,"href":"https:\/\/www.cordobatimes.com\/deportes\/wp-json\/wp\/v2\/users\/27"}],"replies":[{"embeddable":true,"href":"https:\/\/www.cordobatimes.com\/deportes\/wp-json\/wp\/v2\/comments?post=32818"}],"version-history":[{"count":0,"href":"https:\/\/www.cordobatimes.com\/deportes\/wp-json\/wp\/v2\/posts\/32818\/revisions"}],"wp:featuredmedia":[{"embeddable":true,"href":"https:\/\/www.cordobatimes.com\/deportes\/wp-json\/wp\/v2\/media\/32819"}],"wp:attachment":[{"href":"https:\/\/www.cordobatimes.com\/deportes\/wp-json\/wp\/v2\/media?parent=32818"}],"wp:term":[{"taxonomy":"category","embeddable":true,"href":"https:\/\/www.cordobatimes.com\/deportes\/wp-json\/wp\/v2\/categories?post=32818"},{"taxonomy":"post_tag","embeddable":true,"href":"https:\/\/www.cordobatimes.com\/deportes\/wp-json\/wp\/v2\/tags?post=32818"}],"curies":[{"name":"wp","href":"https:\/\/api.w.org\/{rel}","templated":true}]}}