{"id":32769,"date":"2017-08-19T13:10:13","date_gmt":"2017-08-19T16:10:13","guid":{"rendered":"http:\/\/www.cordobatimes.com\/deportes\/?p=32769"},"modified":"2017-08-19T15:35:08","modified_gmt":"2017-08-19T18:35:08","slug":"judo-cordobes-agustin-gil-subcampeon-mundial-la-categoria-menos-81-kg","status":"publish","type":"post","link":"https:\/\/www.cordobatimes.com\/deportes\/polideportivo\/2017\/08\/19\/judo-cordobes-agustin-gil-subcampeon-mundial-la-categoria-menos-81-kg\/","title":{"rendered":"JUDO: El cordob\u00e9s Agust\u00edn Gil, subcampe\u00f3n mundial en la categoria de menos 81 kg"},"content":{"rendered":"<h3><strong>En una de las grandes actuaciones hist\u00f3ricas del judo cordob\u00e9s, Agust\u00edn Gil se subi\u00f3 al podio mundial. En el Campeonato Mundial de Chile para cadetes, conquist\u00f3 el subcampeonato en la categor\u00eda -81kg. tras caer en la definici\u00f3n frente al moldavo Eugen Matveiciuc.<\/strong><\/h3>\n<div>\n<div>Gil se impuso primero en el Pool C del certamen al eliminar al mongol Munkhbayar Sergelen, al estadounidense Michael Mutz, y en cuartos al chino Chien-An Hsu. En semifinales logr\u00f3 una gran victoria sobre el h\u00fangaro Benedek Toth, antes de caer ante el moldavo.<\/div>\n<div><\/div>\n<div>Su entrenador, Andr\u00e9s Loforte, manifest\u00f3 su alegr\u00eda: &#8220;estamos con la familia de Agust\u00edn en Chile, estamos muy contentos por el logro, por lo obtenido. Es un trabajo de hace mucho tiempo, de muchos a\u00f1os, un trabajo en el que participa mucha gente. Est\u00e1n tambi\u00e9n Jorge Lencina, su PF el profesor \u00c1lvarez, el pap\u00e1 de Agust\u00edn que le maneja la nutrici\u00f3n. Empezamos cuando era promocional y estamos cosechando todo el esfuerzo. A\u00fan tiene un a\u00f1o m\u00e1s de cadete, por lo que esperamos volver y llevarnos el oro el a\u00f1o que viene. Pero una medalla de plata en un campeonato del mundo es excelente&#8221;.<\/div>\n<div><\/div>\n<div>&#8220;Lo de Agust\u00edn fue \u00e9pico, gigantesco. Fue final que por cuestiones arbitrales no pudo ser el campeonato, pero es hist\u00f3rico para el judo argentino. Es la primera medalla en un Mundial de cualquier categor\u00eda masculina. Es muy grande lo que consigui\u00f3&#8221;, reflexion\u00f3 el entrenador Nicol\u00e1s Cruces.<\/div>\n<div><\/div>\n<div>Agust\u00edn Gil entr\u00f3 a la historia del judo argentino. Pero por la edad, a\u00fan le queda mucho margen para superarse.<\/div>\n<\/div>\n<p>&nbsp;<\/p>\n","protected":false},"excerpt":{"rendered":"<p>En una de las grandes actuaciones hist\u00f3ricas del judo cordob\u00e9s, Agust\u00edn Gil se subi\u00f3 al podio mundial. En el Campeonato Mundial de Chile para cadetes, conquist\u00f3 el subcampeonato en la categor\u00eda -81kg. tras caer en la definici\u00f3n frente al moldavo Eugen Matveiciuc. Gil se impuso primero en el Pool C del certamen al eliminar al [&hellip;]<\/p>\n","protected":false},"author":27,"featured_media":32770,"comment_status":"closed","ping_status":"closed","sticky":false,"template":"","format":"standard","meta":{"_seopress_robots_primary_cat":"","_seopress_titles_title":"","_seopress_titles_desc":"","_seopress_robots_index":"","footnotes":""},"categories":[6],"tags":[6051,3854,6050,6047],"class_list":["post-32769","post","type-post","status-publish","format-standard","has-post-thumbnail","hentry","category-polideportivo","tag-agustin-gil","tag-judo","tag-mundial-juvenil-de-judo","tag-polideportivo"],"_links":{"self":[{"href":"https:\/\/www.cordobatimes.com\/deportes\/wp-json\/wp\/v2\/posts\/32769","targetHints":{"allow":["GET"]}}],"collection":[{"href":"https:\/\/www.cordobatimes.com\/deportes\/wp-json\/wp\/v2\/posts"}],"about":[{"href":"https:\/\/www.cordobatimes.com\/deportes\/wp-json\/wp\/v2\/types\/post"}],"author":[{"embeddable":true,"href":"https:\/\/www.cordobatimes.com\/deportes\/wp-json\/wp\/v2\/users\/27"}],"replies":[{"embeddable":true,"href":"https:\/\/www.cordobatimes.com\/deportes\/wp-json\/wp\/v2\/comments?post=32769"}],"version-history":[{"count":0,"href":"https:\/\/www.cordobatimes.com\/deportes\/wp-json\/wp\/v2\/posts\/32769\/revisions"}],"wp:featuredmedia":[{"embeddable":true,"href":"https:\/\/www.cordobatimes.com\/deportes\/wp-json\/wp\/v2\/media\/32770"}],"wp:attachment":[{"href":"https:\/\/www.cordobatimes.com\/deportes\/wp-json\/wp\/v2\/media?parent=32769"}],"wp:term":[{"taxonomy":"category","embeddable":true,"href":"https:\/\/www.cordobatimes.com\/deportes\/wp-json\/wp\/v2\/categories?post=32769"},{"taxonomy":"post_tag","embeddable":true,"href":"https:\/\/www.cordobatimes.com\/deportes\/wp-json\/wp\/v2\/tags?post=32769"}],"curies":[{"name":"wp","href":"https:\/\/api.w.org\/{rel}","templated":true}]}}