{"id":32680,"date":"2017-08-14T10:50:17","date_gmt":"2017-08-14T13:50:17","guid":{"rendered":"http:\/\/www.cordobatimes.com\/deportes\/?p=32680"},"modified":"2017-08-14T10:50:17","modified_gmt":"2017-08-14T13:50:17","slug":"argentina-subcampeon-la-americup-femenina","status":"publish","type":"post","link":"https:\/\/www.cordobatimes.com\/deportes\/basquet\/2017\/08\/14\/argentina-subcampeon-la-americup-femenina\/","title":{"rendered":"Argentina es subcampe\u00f3n de la AmeriCup femenina"},"content":{"rendered":"<h3 style=\"text-align: left;\"><strong>El seleccionado argentino de b\u00e1squetbol femenino finaliz\u00f3 \u00a0como subcampeona de la American Cup tras perder con Canad\u00e1 por 67-65 en el estadio de Obras Basket.<\/strong><\/h3>\n<p>El conjunto nacional conducido por Cristian Santander, que cerr\u00f3 su participaci\u00f3n con cinco triunfos y una derrota, cont\u00f3 con las buenas actuaciones del base Melisa Gretter (23 puntos) y la alera Macarena Rosset (18 unidades).<\/p>\n<p>Por su parte, las campeonas repartieron mejor su goleo y terminaron con tres jugadoras con dos d\u00edgitos: Kia Nurse (12 tantos), Miah-Marie Langlois (10) y Miranda Ayim (10).<\/p>\n<p>El partido tuvo un desarrollo con vaivenes aunque llegaron al cierre con un parcial sumamente parejo, ya que las canadienses estuvieron al frente por 66-65 con solamente a 48 segundos del final del tiempo reglamentario.<\/p>\n<p>Argentina cont\u00f3 con dos lanzamientos en las manos de su figura Melisa Gretter, quien primero penetr\u00f3 con una bandeja y fall\u00f3, algo que repiti\u00f3 cuando prob\u00f3 desde la zona externa.<\/p>\n<p>De esta manera, Canad\u00e1 se qued\u00f3 con la posesi\u00f3n de la pelota y con un tiro de dos desde la l\u00ednea de libres de Nirra Fields, proseguido de un nuevo yerro de Gretter a contrareloj, concluy\u00f3 con el festejo de las norteamericanas con el 67-65.<\/p>\n<p>Las chicas argentinas celebraron, a pesar del golpe an\u00edmico, porque el segundo puesto le garantiz\u00f3 la participaci\u00f3n en el octavo mundial de su historia, y se despidieron con la ovaci\u00f3n del p\u00fablico que colm\u00f3 el &#8220;Templo del Rock&#8221;.<\/p>\n<p>Previamente, Puerto Rico se qued\u00f3 con un hist\u00f3rico tercer puesto y se meti\u00f3 en el Mundial de Espa\u00f1a 2018 al vencer a Brasil, que no asistir\u00e1 a la cita mundialista, por 75-68.<\/p>\n<p>La figura de la noche fue Alli Gibson, autora de 19 puntos y gran bandera de la levantada centroamericana junto con Michelle Gonz\u00e1lez y Marie Pl\u00e1cido durante todo el certamen.<\/p>\n<p>Los tres clasificados al pr\u00f3ximo certamen mundial son Canad\u00e1, Argentina y Puerto Rico.<\/p>\n<p><strong>Fuente:DeporTv<\/strong><\/p>\n","protected":false},"excerpt":{"rendered":"<p>El seleccionado argentino de b\u00e1squetbol femenino finaliz\u00f3 \u00a0como subcampeona de la American Cup tras perder con Canad\u00e1 por 67-65 en el estadio de Obras Basket. El conjunto nacional conducido por Cristian Santander, que cerr\u00f3 su participaci\u00f3n con cinco triunfos y una derrota, cont\u00f3 con las buenas actuaciones del base Melisa Gretter (23 puntos) y la [&hellip;]<\/p>\n","protected":false},"author":27,"featured_media":32681,"comment_status":"closed","ping_status":"closed","sticky":false,"template":"","format":"standard","meta":{"_seopress_robots_primary_cat":"","_seopress_titles_title":"","_seopress_titles_desc":"","_seopress_robots_index":"","footnotes":""},"categories":[3,6],"tags":[6037,171,6036,6038],"class_list":["post-32680","post","type-post","status-publish","format-standard","has-post-thumbnail","hentry","category-basquet","category-polideportivo","tag-americup","tag-basquet-2","tag-basquet-femenino","tag-las-gigantas"],"_links":{"self":[{"href":"https:\/\/www.cordobatimes.com\/deportes\/wp-json\/wp\/v2\/posts\/32680","targetHints":{"allow":["GET"]}}],"collection":[{"href":"https:\/\/www.cordobatimes.com\/deportes\/wp-json\/wp\/v2\/posts"}],"about":[{"href":"https:\/\/www.cordobatimes.com\/deportes\/wp-json\/wp\/v2\/types\/post"}],"author":[{"embeddable":true,"href":"https:\/\/www.cordobatimes.com\/deportes\/wp-json\/wp\/v2\/users\/27"}],"replies":[{"embeddable":true,"href":"https:\/\/www.cordobatimes.com\/deportes\/wp-json\/wp\/v2\/comments?post=32680"}],"version-history":[{"count":0,"href":"https:\/\/www.cordobatimes.com\/deportes\/wp-json\/wp\/v2\/posts\/32680\/revisions"}],"wp:featuredmedia":[{"embeddable":true,"href":"https:\/\/www.cordobatimes.com\/deportes\/wp-json\/wp\/v2\/media\/32681"}],"wp:attachment":[{"href":"https:\/\/www.cordobatimes.com\/deportes\/wp-json\/wp\/v2\/media?parent=32680"}],"wp:term":[{"taxonomy":"category","embeddable":true,"href":"https:\/\/www.cordobatimes.com\/deportes\/wp-json\/wp\/v2\/categories?post=32680"},{"taxonomy":"post_tag","embeddable":true,"href":"https:\/\/www.cordobatimes.com\/deportes\/wp-json\/wp\/v2\/tags?post=32680"}],"curies":[{"name":"wp","href":"https:\/\/api.w.org\/{rel}","templated":true}]}}