{"id":32669,"date":"2017-08-13T22:08:36","date_gmt":"2017-08-14T01:08:36","guid":{"rendered":"http:\/\/www.cordobatimes.com\/deportes\/?p=32669"},"modified":"2017-08-13T22:13:05","modified_gmt":"2017-08-14T01:13:05","slug":"supercopa-espana-dos-golazos-real-madrid-apago-rapido-grito-messi-derroto-barcelona-camp-nou","status":"publish","type":"post","link":"https:\/\/www.cordobatimes.com\/deportes\/futbol\/2017\/08\/13\/supercopa-espana-dos-golazos-real-madrid-apago-rapido-grito-messi-derroto-barcelona-camp-nou\/","title":{"rendered":"Supercopa de Espa\u00f1a: con dos golazos , Real Madrid apag\u00f3 r\u00e1pido el grito de Messi y derrot\u00f3 a Barcelona en el Camp Nou"},"content":{"rendered":"<h3 style=\"text-align: left;\"><strong>Piqu\u00e9, en contra, abri\u00f3 el marcador; Leo hab\u00eda igualado el encuentro, de penal; despu\u00e9s, el portugu\u00e9s, que se fue expulsado, anot\u00f3 el 2-1; el tercero lo hizo Marco Asensio; la revancha ser\u00e1 el mi\u00e9rcoles, en Madrid.<\/strong><\/h3>\n<p>Real Madrid\u00a0enmudeci\u00f3 al Camp Nou <strong>en el partido de ida por la\u00a0Supercopa de Espa\u00f1a<\/strong>,<strong>derrotando 3-1 a los catalanes con dos golazos: uno de\u00a0Cristiano Ronaldo y otro de Marco Asensio<\/strong>. <strong>El primer tanto fue en contra de\u00a0Gerard Piqu\u00e9. Lionel Messi, de penal,<\/strong> hab\u00eda igualado el encuentro para\u00a0Barcelona\u00a0. <strong>Cristiano se fue expulsado poco despu\u00e9s de marcar su gol por una doble amarilla.<\/strong> Luego de su expulsi\u00f3n,\u00a0empuj\u00f3 al \u00e1rbitro, acci\u00f3n que podr\u00eda desencadenar un mayor castigo para el portugu\u00e9s. El partido de vuelta ser\u00e1 el <strong>mi\u00e9rcoles en el estadio Santiago Bernab\u00e9u.<\/strong><\/p>\n<p><strong>El resumen y goles del partido:<\/strong><\/p>\n<p><iframe loading=\"lazy\" src=\"https:\/\/www.youtube.com\/embed\/JbhMb6MtPrs\" width=\"350\" height=\"350\" frameborder=\"0\" allowfullscreen=\"allowfullscreen\"><\/iframe><\/p>\n<p><strong>Fuente : La Naci\u00f3n<\/strong><\/p>\n","protected":false},"excerpt":{"rendered":"<p>Piqu\u00e9, en contra, abri\u00f3 el marcador; Leo hab\u00eda igualado el encuentro, de penal; despu\u00e9s, el portugu\u00e9s, que se fue expulsado, anot\u00f3 el 2-1; el tercero lo hizo Marco Asensio; la revancha ser\u00e1 el mi\u00e9rcoles, en Madrid. Real Madrid\u00a0enmudeci\u00f3 al Camp Nou en el partido de ida por la\u00a0Supercopa de Espa\u00f1a,derrotando 3-1 a los catalanes con [&hellip;]<\/p>\n","protected":false},"author":27,"featured_media":32673,"comment_status":"closed","ping_status":"closed","sticky":false,"template":"","format":"standard","meta":{"_seopress_robots_primary_cat":"","_seopress_titles_title":"","_seopress_titles_desc":"","_seopress_robots_index":"","footnotes":""},"categories":[2,18],"tags":[67,498,70,6035],"class_list":["post-32669","post","type-post","status-publish","format-standard","has-post-thumbnail","hentry","category-futbol","category-futbol-internacional","tag-barcelona","tag-futbol-internacional-2","tag-real-madrid"],"_links":{"self":[{"href":"https:\/\/www.cordobatimes.com\/deportes\/wp-json\/wp\/v2\/posts\/32669","targetHints":{"allow":["GET"]}}],"collection":[{"href":"https:\/\/www.cordobatimes.com\/deportes\/wp-json\/wp\/v2\/posts"}],"about":[{"href":"https:\/\/www.cordobatimes.com\/deportes\/wp-json\/wp\/v2\/types\/post"}],"author":[{"embeddable":true,"href":"https:\/\/www.cordobatimes.com\/deportes\/wp-json\/wp\/v2\/users\/27"}],"replies":[{"embeddable":true,"href":"https:\/\/www.cordobatimes.com\/deportes\/wp-json\/wp\/v2\/comments?post=32669"}],"version-history":[{"count":0,"href":"https:\/\/www.cordobatimes.com\/deportes\/wp-json\/wp\/v2\/posts\/32669\/revisions"}],"wp:featuredmedia":[{"embeddable":true,"href":"https:\/\/www.cordobatimes.com\/deportes\/wp-json\/wp\/v2\/media\/32673"}],"wp:attachment":[{"href":"https:\/\/www.cordobatimes.com\/deportes\/wp-json\/wp\/v2\/media?parent=32669"}],"wp:term":[{"taxonomy":"category","embeddable":true,"href":"https:\/\/www.cordobatimes.com\/deportes\/wp-json\/wp\/v2\/categories?post=32669"},{"taxonomy":"post_tag","embeddable":true,"href":"https:\/\/www.cordobatimes.com\/deportes\/wp-json\/wp\/v2\/tags?post=32669"}],"curies":[{"name":"wp","href":"https:\/\/api.w.org\/{rel}","templated":true}]}}