{"id":32464,"date":"2017-08-06T23:34:08","date_gmt":"2017-08-07T02:34:08","guid":{"rendered":"http:\/\/www.cordobatimes.com\/deportes\/?p=32464"},"modified":"2017-08-06T23:34:08","modified_gmt":"2017-08-07T02:34:08","slug":"tc-los-1000-kilometros-historicos-fueron-ford","status":"publish","type":"post","link":"https:\/\/www.cordobatimes.com\/deportes\/automovilismo\/2017\/08\/06\/tc-los-1000-kilometros-historicos-fueron-ford\/","title":{"rendered":"TC: Los 1000 kil\u00f3metros hist\u00f3ricos fueron para Ford"},"content":{"rendered":"<h3><strong>La carrera disputada con motivo del octog\u00e9simo aniversario de la categor\u00eda, en el aut\u00f3dromo \u201cOscar y Juan G\u00e1lvez\u201d se la llev\u00f3 Silva (Ford), escoltado por el actual campe\u00f3n Ortelli (Chevrolet) en un final atrapante.<\/strong><\/h3>\n<p>La hist\u00f3rica carrera se brind\u00f3 de manera muy estrat\u00e9gica por parte de los equipos, con cambios de neum\u00e1ticos y recargas de nafta, obligados por la extensi\u00f3n de la competencia.<\/p>\n<p>Como en todas las carreras de resistencia, el auto de seguridad tuvo un papel mayor que en las carreras de sprint, perjudicando a los punteros circunstanciales en m\u00faltiples ocasiones, y colaborando con los autos perseguidores.<\/p>\n<p>Lo m\u00e1s emocionante de la carrera sucedi\u00f3 hacia el final de la misma, cuando los autos de Werner (Ford) y Trucco (Dodge), sufrieron aver\u00edas mec\u00e1nicas. Esa situaci\u00f3n le abri\u00f3 una puerta de esperanza al actual campe\u00f3n de la categor\u00eda Guillermo Ortelli y lo envalenton\u00f3 a ir en busca de la victoria, brind\u00e1ndole emoci\u00f3n al final.<\/p>\n<p>Suena parad\u00f3jico decir que a una carrera de 1000 kil\u00f3metros le faltaron algunas vueltas, pero a quien haya observado la misma, seguramente le haya quedado un deseo de postergar el final, al menos unas vueltas, y ver el desenlace mano a mano entre dos pilotos hist\u00f3ricos como Silva y Ortelli, en una carrera hist\u00f3rica.<\/p>\n<p>As\u00ed quedaron los doce pilotos\u00a0de punta, con\u00a0vistas\u00a0a la pr\u00f3xima cita el 27 de Agosto en el circuito de Termas de R\u00edo Hondo.<\/p>\n<table class=\"table\">\n<thead>\n<tr>\n<th>POS.<\/th>\n<th>PILOTO<\/th>\n<th><\/th>\n<th>MARCA<\/th>\n<th>N\u00daMERO<\/th>\n<th>PTOS.<\/th>\n<\/tr>\n<\/thead>\n<tbody>\n<tr class=\"first\" bgcolor=\"\">\n<td class=\"pos\">\n<div>1\u00b0<\/div>\n<\/td>\n<td class=\"piloto first\"><img loading=\"lazy\" decoding=\"async\" class=\"lazy\" src=\"http:\/\/www.actc.org.ar\/upload\/autos\/2456\/imgs_v3\/imgcasco\/luis-jose-h-di-palma.png\" width=\"52\" height=\"44\" data-original=\"http:\/\/www.actc.org.ar\/upload\/autos\/2456\/imgs_v3\/imgcasco\/luis-jose-h-di-palma.png\" \/><a href=\"http:\/\/www.turismocarretera.com\/tc\/pilotos\/2017\/luis-jose-h-di-palma_2456.html\">DI PALMA, LUIS JOS\u00c9 (H)<\/a><\/td>\n<td class=\"copas\">2<\/td>\n<td><img decoding=\"async\" class=\"lazy\" src=\"http:\/\/www.turismocarretera.com\/vistas\/v3\/images\/logos\/logo-torino-xs.png\" data-original=\"\/vistas\/v3\/images\/logos\/logo-torino-xs.png\" \/><\/td>\n<td>18<\/td>\n<td class=\"pts\">262\u00a0pts<\/td>\n<\/tr>\n<tr bgcolor=\"\">\n<td class=\"pos\">\n<div>2\u00b0<\/div>\n<\/td>\n<td class=\"piloto \"><img loading=\"lazy\" decoding=\"async\" class=\"lazy\" src=\"http:\/\/www.actc.org.ar\/upload\/autos\/2444\/imgs_v3\/imgcasco\/facundo-ardusso.png\" width=\"52\" height=\"44\" data-original=\"http:\/\/www.actc.org.ar\/upload\/autos\/2444\/imgs_v3\/imgcasco\/facundo-ardusso.png\" \/><a href=\"http:\/\/www.turismocarretera.com\/tc\/pilotos\/2017\/facundo-ardusso_2444.html\">ARDUSSO, FACUNDO<\/a><\/td>\n<td class=\"copas\"><\/td>\n<td><img decoding=\"async\" class=\"lazy\" src=\"http:\/\/www.turismocarretera.com\/vistas\/v3\/images\/logos\/logo-torino-xs.png\" data-original=\"\/vistas\/v3\/images\/logos\/logo-torino-xs.png\" \/><\/td>\n<td>5<\/td>\n<td class=\"pts\">255\u00a0pts<\/td>\n<\/tr>\n<tr bgcolor=\"\">\n<td class=\"pos\">\n<div>3\u00b0<\/div>\n<\/td>\n<td class=\"piloto \"><img loading=\"lazy\" decoding=\"async\" class=\"lazy\" src=\"http:\/\/www.actc.org.ar\/upload\/autos\/2443\/imgs_v3\/imgcasco\/juan-manuel-silva.png\" width=\"52\" height=\"44\" data-original=\"http:\/\/www.actc.org.ar\/upload\/autos\/2443\/imgs_v3\/imgcasco\/juan-manuel-silva.png\" \/><a href=\"http:\/\/www.turismocarretera.com\/tc\/pilotos\/2017\/juan-manuel-silva_2443.html\">SILVA, JUAN MANUEL<\/a><\/td>\n<td class=\"copas\">1<\/td>\n<td><img decoding=\"async\" class=\"lazy\" src=\"http:\/\/www.turismocarretera.com\/vistas\/v3\/images\/logos\/logo-ford-xs.png\" data-original=\"\/vistas\/v3\/images\/logos\/logo-ford-xs.png\" \/><\/td>\n<td>111<\/td>\n<td class=\"pts\">244.5\u00a0pts<\/td>\n<\/tr>\n<tr bgcolor=\"\">\n<td class=\"pos\">\n<div>4\u00b0<\/div>\n<\/td>\n<td class=\"piloto \"><img loading=\"lazy\" decoding=\"async\" class=\"lazy\" src=\"http:\/\/www.actc.org.ar\/upload\/autos\/2449\/imgs_v3\/imgcasco\/gaston-mazzacane.png\" width=\"52\" height=\"44\" data-original=\"http:\/\/www.actc.org.ar\/upload\/autos\/2449\/imgs_v3\/imgcasco\/gaston-mazzacane.png\" \/><a href=\"http:\/\/www.turismocarretera.com\/tc\/pilotos\/2017\/gaston-mazzacane_2449.html\">MAZZACANE, GAST\u00d3N<\/a><\/td>\n<td class=\"copas\"><\/td>\n<td><img decoding=\"async\" class=\"lazy\" src=\"http:\/\/www.turismocarretera.com\/vistas\/v3\/images\/logos\/logo-chevrolet-xs.png\" data-original=\"\/vistas\/v3\/images\/logos\/logo-chevrolet-xs.png\" \/><\/td>\n<td>10<\/td>\n<td class=\"pts\">236\u00a0pts<\/td>\n<\/tr>\n<tr bgcolor=\"\">\n<td class=\"pos\">\n<div>5\u00b0<\/div>\n<\/td>\n<td class=\"piloto \"><img loading=\"lazy\" decoding=\"async\" class=\"lazy\" src=\"http:\/\/www.actc.org.ar\/upload\/autos\/2450\/imgs_v3\/imgcasco\/jonatan-castellano.png\" width=\"52\" height=\"44\" data-original=\"http:\/\/www.actc.org.ar\/upload\/autos\/2450\/imgs_v3\/imgcasco\/jonatan-castellano.png\" \/><a href=\"http:\/\/www.turismocarretera.com\/tc\/pilotos\/2017\/jonatan-castellano_2450.html\">CASTELLANO, JONATAN<\/a><\/td>\n<td class=\"copas\">1<\/td>\n<td><img decoding=\"async\" class=\"lazy\" src=\"http:\/\/www.turismocarretera.com\/vistas\/v3\/images\/logos\/logo-dodge-xs.png\" data-original=\"\/vistas\/v3\/images\/logos\/logo-dodge-xs.png\" \/><\/td>\n<td>11<\/td>\n<td class=\"pts\">228.5\u00a0pts<\/td>\n<\/tr>\n<tr bgcolor=\"\">\n<td class=\"pos\">\n<div>6\u00b0<\/div>\n<\/td>\n<td class=\"piloto \"><img loading=\"lazy\" decoding=\"async\" class=\"lazy\" src=\"http:\/\/www.actc.org.ar\/upload\/autos\/2459\/imgs_v3\/imgcasco\/jose-manuel-urcera.png\" width=\"52\" height=\"44\" data-original=\"http:\/\/www.actc.org.ar\/upload\/autos\/2459\/imgs_v3\/imgcasco\/jose-manuel-urcera.png\" \/><a href=\"http:\/\/www.turismocarretera.com\/tc\/pilotos\/2017\/jose-manuel-urcera_2459.html\">URCERA, JOS\u00c9 MANUEL<\/a><\/td>\n<td class=\"copas\"><\/td>\n<td><img decoding=\"async\" class=\"lazy\" src=\"http:\/\/www.turismocarretera.com\/vistas\/v3\/images\/logos\/logo-chevrolet-xs.png\" data-original=\"\/vistas\/v3\/images\/logos\/logo-chevrolet-xs.png\" \/><\/td>\n<td>151<\/td>\n<td class=\"pts\">224.5\u00a0pts<\/td>\n<\/tr>\n<tr bgcolor=\"\">\n<td class=\"pos\">\n<div>7\u00b0<\/div>\n<\/td>\n<td class=\"piloto \"><img loading=\"lazy\" decoding=\"async\" class=\"lazy\" src=\"http:\/\/www.actc.org.ar\/upload\/autos\/2480\/imgs_v3\/imgcasco\/christian-ledesma.png\" width=\"52\" height=\"44\" data-original=\"http:\/\/www.actc.org.ar\/upload\/autos\/2480\/imgs_v3\/imgcasco\/christian-ledesma.png\" \/><a href=\"http:\/\/www.turismocarretera.com\/tc\/pilotos\/2017\/christian-ledesma_2480.html\">LEDESMA, CHRISTIAN<\/a><\/td>\n<td class=\"copas\"><\/td>\n<td><img decoding=\"async\" class=\"lazy\" src=\"http:\/\/www.turismocarretera.com\/vistas\/v3\/images\/logos\/logo-chevrolet-xs.png\" data-original=\"\/vistas\/v3\/images\/logos\/logo-chevrolet-xs.png\" \/><\/td>\n<td>43<\/td>\n<td class=\"pts\">219.5\u00a0pts<\/td>\n<\/tr>\n<tr bgcolor=\"\">\n<td class=\"pos\">\n<div>8\u00b0<\/div>\n<\/td>\n<td class=\"piloto \"><img loading=\"lazy\" decoding=\"async\" class=\"lazy\" src=\"http:\/\/www.actc.org.ar\/upload\/autos\/2445\/imgs_v3\/imgcasco\/agustin-canapino.png\" width=\"52\" height=\"44\" data-original=\"http:\/\/www.actc.org.ar\/upload\/autos\/2445\/imgs_v3\/imgcasco\/agustin-canapino.png\" \/><a href=\"http:\/\/www.turismocarretera.com\/tc\/pilotos\/2017\/agustin-canapino_2445.html\">CANAPINO, AGUST\u00cdN<\/a><\/td>\n<td class=\"copas\">1<\/td>\n<td><img decoding=\"async\" class=\"lazy\" src=\"http:\/\/www.turismocarretera.com\/vistas\/v3\/images\/logos\/logo-chevrolet-xs.png\" data-original=\"\/vistas\/v3\/images\/logos\/logo-chevrolet-xs.png\" \/><\/td>\n<td>6<\/td>\n<td class=\"pts\">205.5\u00a0pts<\/td>\n<\/tr>\n<tr bgcolor=\"\">\n<td class=\"pos\">\n<div>9\u00b0<\/div>\n<\/td>\n<td class=\"piloto \"><img loading=\"lazy\" decoding=\"async\" class=\"lazy\" src=\"http:\/\/www.actc.org.ar\/upload\/autos\/2441\/imgs_v3\/imgcasco\/matias-rossi.png\" width=\"52\" height=\"44\" data-original=\"http:\/\/www.actc.org.ar\/upload\/autos\/2441\/imgs_v3\/imgcasco\/matias-rossi.png\" \/><a href=\"http:\/\/www.turismocarretera.com\/tc\/pilotos\/2017\/matias-rossi_2441.html\">ROSSI, MAT\u00cdAS<\/a><\/td>\n<td class=\"copas\">1<\/td>\n<td><img decoding=\"async\" class=\"lazy\" src=\"http:\/\/www.turismocarretera.com\/vistas\/v3\/images\/logos\/logo-ford-xs.png\" data-original=\"\/vistas\/v3\/images\/logos\/logo-ford-xs.png\" \/><\/td>\n<td>2<\/td>\n<td class=\"pts\">202.5\u00a0pts<\/td>\n<\/tr>\n<tr bgcolor=\"\">\n<td class=\"pos\">\n<div>10\u00b0<\/div>\n<\/td>\n<td class=\"piloto \"><img loading=\"lazy\" decoding=\"async\" class=\"lazy\" src=\"http:\/\/www.actc.org.ar\/upload\/autos\/2448\/imgs_v3\/imgcasco\/juan-martin-trucco.png\" width=\"52\" height=\"44\" data-original=\"http:\/\/www.actc.org.ar\/upload\/autos\/2448\/imgs_v3\/imgcasco\/juan-martin-trucco.png\" \/><a href=\"http:\/\/www.turismocarretera.com\/tc\/pilotos\/2017\/juan-martin-trucco_2448.html\">TRUCCO, JUAN MART\u00cdN<\/a><\/td>\n<td class=\"copas\"><\/td>\n<td><img decoding=\"async\" class=\"lazy\" src=\"http:\/\/www.turismocarretera.com\/vistas\/v3\/images\/logos\/logo-dodge-xs.png\" data-original=\"\/vistas\/v3\/images\/logos\/logo-dodge-xs.png\" \/><\/td>\n<td>9<\/td>\n<td class=\"pts\">202.5\u00a0pts<\/td>\n<\/tr>\n<tr bgcolor=\"\">\n<td class=\"pos\">\n<div>11\u00b0<\/div>\n<\/td>\n<td class=\"piloto \"><img loading=\"lazy\" decoding=\"async\" class=\"lazy\" src=\"http:\/\/www.actc.org.ar\/upload\/autos\/2458\/imgs_v3\/imgcasco\/mauricio-lambiris.png\" width=\"52\" height=\"44\" data-original=\"http:\/\/www.actc.org.ar\/upload\/autos\/2458\/imgs_v3\/imgcasco\/mauricio-lambiris.png\" \/><a href=\"http:\/\/www.turismocarretera.com\/tc\/pilotos\/2017\/mauricio-lambiris_2458.html\">LAMBIRIS, MAURICIO<\/a><\/td>\n<td class=\"copas\"><\/td>\n<td><img decoding=\"async\" class=\"lazy\" src=\"http:\/\/www.turismocarretera.com\/vistas\/v3\/images\/logos\/logo-ford-xs.png\" data-original=\"\/vistas\/v3\/images\/logos\/logo-ford-xs.png\" \/><\/td>\n<td>82<\/td>\n<td class=\"pts\">200\u00a0pts<\/td>\n<\/tr>\n<tr bgcolor=\"\">\n<td class=\"pos\">\n<div>12\u00b0<\/div>\n<\/td>\n<td class=\"piloto \"><img loading=\"lazy\" decoding=\"async\" class=\"lazy\" src=\"http:\/\/www.actc.org.ar\/upload\/autos\/2440\/imgs_v3\/imgcasco\/guillermo-ortelli.png\" width=\"52\" height=\"44\" data-original=\"http:\/\/www.actc.org.ar\/upload\/autos\/2440\/imgs_v3\/imgcasco\/guillermo-ortelli.png\" \/><a href=\"http:\/\/www.turismocarretera.com\/tc\/pilotos\/2017\/guillermo-ortelli_2440.html\">ORTELLI, GUILLERMO<\/a><\/td>\n<td class=\"copas\"><\/td>\n<td><img decoding=\"async\" class=\"lazy\" src=\"http:\/\/www.turismocarretera.com\/vistas\/v3\/images\/logos\/logo-chevrolet-xs.png\" data-original=\"\/vistas\/v3\/images\/logos\/logo-chevrolet-xs.png\" \/><\/td>\n<td>1<\/td>\n<td class=\"pts\">194.5\u00a0pts<\/td>\n<\/tr>\n<\/tbody>\n<\/table>\n<p>&nbsp;<\/p>\n<p>&nbsp;<\/p>\n","protected":false},"excerpt":{"rendered":"<p>La carrera disputada con motivo del octog\u00e9simo aniversario de la categor\u00eda, en el aut\u00f3dromo \u201cOscar y Juan G\u00e1lvez\u201d se la llev\u00f3 Silva (Ford), escoltado por el actual campe\u00f3n Ortelli (Chevrolet) en un final atrapante. La hist\u00f3rica carrera se brind\u00f3 de manera muy estrat\u00e9gica por parte de los equipos, con cambios de neum\u00e1ticos y recargas de [&hellip;]<\/p>\n","protected":false},"author":29,"featured_media":3157,"comment_status":"closed","ping_status":"closed","sticky":false,"template":"","format":"standard","meta":{"_seopress_robots_primary_cat":"","_seopress_titles_title":"","_seopress_titles_desc":"","_seopress_robots_index":"","footnotes":""},"categories":[1,9],"tags":[43,311,761,6022,242],"class_list":["post-32464","post","type-post","status-publish","format-standard","has-post-thumbnail","hentry","category-automovilismo","category-tc","tag-autodromo-juan-y-oscar-galvez","tag-guillermo-ortelli","tag-juan-manuel-silva","tag-tc-80-anos","tag-turismo-carretera"],"_links":{"self":[{"href":"https:\/\/www.cordobatimes.com\/deportes\/wp-json\/wp\/v2\/posts\/32464","targetHints":{"allow":["GET"]}}],"collection":[{"href":"https:\/\/www.cordobatimes.com\/deportes\/wp-json\/wp\/v2\/posts"}],"about":[{"href":"https:\/\/www.cordobatimes.com\/deportes\/wp-json\/wp\/v2\/types\/post"}],"author":[{"embeddable":true,"href":"https:\/\/www.cordobatimes.com\/deportes\/wp-json\/wp\/v2\/users\/29"}],"replies":[{"embeddable":true,"href":"https:\/\/www.cordobatimes.com\/deportes\/wp-json\/wp\/v2\/comments?post=32464"}],"version-history":[{"count":0,"href":"https:\/\/www.cordobatimes.com\/deportes\/wp-json\/wp\/v2\/posts\/32464\/revisions"}],"wp:featuredmedia":[{"embeddable":true,"href":"https:\/\/www.cordobatimes.com\/deportes\/wp-json\/wp\/v2\/media\/3157"}],"wp:attachment":[{"href":"https:\/\/www.cordobatimes.com\/deportes\/wp-json\/wp\/v2\/media?parent=32464"}],"wp:term":[{"taxonomy":"category","embeddable":true,"href":"https:\/\/www.cordobatimes.com\/deportes\/wp-json\/wp\/v2\/categories?post=32464"},{"taxonomy":"post_tag","embeddable":true,"href":"https:\/\/www.cordobatimes.com\/deportes\/wp-json\/wp\/v2\/tags?post=32464"}],"curies":[{"name":"wp","href":"https:\/\/api.w.org\/{rel}","templated":true}]}}