{"id":32345,"date":"2017-08-03T01:09:29","date_gmt":"2017-08-03T04:09:29","guid":{"rendered":"http:\/\/www.cordobatimes.com\/deportes\/?p=32345"},"modified":"2017-08-03T01:09:29","modified_gmt":"2017-08-03T04:09:29","slug":"talleres-confirmo-dos-nuevas-incorporaciones","status":"publish","type":"post","link":"https:\/\/www.cordobatimes.com\/deportes\/futbol\/2017\/08\/03\/talleres-confirmo-dos-nuevas-incorporaciones\/","title":{"rendered":"Talleres confirm\u00f3 dos nuevas incorporaciones"},"content":{"rendered":"<h3><strong>Se trata del uruguayo Junior Arias, quien desde la semana pasada entrena con el plantel, y Brian Puntano que llega a reforzar la estructura juvenil del club.<\/strong><\/h3>\n<p>Ambos son delanteros pero llegan con distintos roles. El jugador &#8220;charr\u00faa&#8221;\u00a0proveniente de Pe\u00f1arol, fue contratado para finalizar con la falencia de gol que tuvo el equipo en el torneo pasado. Si bien Junior ya entrenaba con el plantel, reci\u00e9n hoy el club oficializ\u00f3 su v\u00ednculo con el jugador por dos a\u00f1os.<\/p>\n<p>A su vez tambi\u00e9n se confirm\u00f3 la llegada de Brian Puntano. El delantero de Independiente de 21 a\u00f1os llega a reforzar el plantel juvenil por un a\u00f1o con opci\u00f3n de compra.<\/p>\n<p><strong>Uno que volvi\u00f3:\u00a0<\/strong>Juan Ram\u00edrez, a quien el club le inform\u00f3 que no se le iba a renovar el contrato cuando finalice el campeonato, retorn\u00f3 al club de Barrio Jard\u00edn ya que no se le habr\u00eda encontrado un reemplazante a Leonardo Gil.<\/p>\n<blockquote class=\"twitter-tweet\" data-lang=\"es\">\n<p dir=\"ltr\" lang=\"es\">El delantero Brian Puntano se suma a la estructura de juveniles del Club \u2192 <a href=\"https:\/\/t.co\/XTXbLnP2ma\">https:\/\/t.co\/XTXbLnP2ma<\/a> <a href=\"https:\/\/t.co\/3yMSPz0Lwl\">pic.twitter.com\/3yMSPz0Lwl<\/a><\/p>\n<p>\u2014 Talleres (@CATalleresdecba) <a href=\"https:\/\/twitter.com\/CATalleresdecba\/status\/892854025078439936\">2 de agosto de 2017<\/a><\/p><\/blockquote>\n<p><script async src=\"\/\/platform.twitter.com\/widgets.js\" charset=\"utf-8\"><\/script><\/p>\n<blockquote class=\"twitter-tweet\" data-lang=\"es\">\n<p dir=\"ltr\" lang=\"es\"><a href=\"https:\/\/twitter.com\/hashtag\/PrimeraDivisi%C3%B3n?src=hash\">#PrimeraDivisi\u00f3n<\/a> | El delantero Junior Arias es refuerzo de <a href=\"https:\/\/twitter.com\/hashtag\/Talleres?src=hash\">#Talleres<\/a> \u2192 <a href=\"https:\/\/t.co\/bHf05I75Ny\">https:\/\/t.co\/bHf05I75Ny<\/a> <a href=\"https:\/\/t.co\/kLN0IhJUrV\">pic.twitter.com\/kLN0IhJUrV<\/a><\/p>\n<p>\u2014 Talleres (@CATalleresdecba) <a href=\"https:\/\/twitter.com\/CATalleresdecba\/status\/892875498707185665\">2 de agosto de 2017<\/a><\/p><\/blockquote>\n<p><script async src=\"\/\/platform.twitter.com\/widgets.js\" charset=\"utf-8\"><\/script><\/p>\n","protected":false},"excerpt":{"rendered":"<p>Se trata del uruguayo Junior Arias, quien desde la semana pasada entrena con el plantel, y Brian Puntano que llega a reforzar la estructura juvenil del club. Ambos son delanteros pero llegan con distintos roles. El jugador &#8220;charr\u00faa&#8221;\u00a0proveniente de Pe\u00f1arol, fue contratado para finalizar con la falencia de gol que tuvo el equipo en el [&hellip;]<\/p>\n","protected":false},"author":26,"featured_media":32349,"comment_status":"closed","ping_status":"closed","sticky":false,"template":"","format":"standard","meta":{"_seopress_robots_primary_cat":"","_seopress_titles_title":"","_seopress_titles_desc":"","_seopress_robots_index":"","footnotes":""},"categories":[2,16],"tags":[6002,6003,5919,448,40],"class_list":["post-32345","post","type-post","status-publish","format-standard","has-post-thumbnail","hentry","category-futbol","category-primera-division","tag-brian-puntano","tag-juan-ramirez","tag-junior-arias","tag-refuerzos","tag-talleres"],"_links":{"self":[{"href":"https:\/\/www.cordobatimes.com\/deportes\/wp-json\/wp\/v2\/posts\/32345","targetHints":{"allow":["GET"]}}],"collection":[{"href":"https:\/\/www.cordobatimes.com\/deportes\/wp-json\/wp\/v2\/posts"}],"about":[{"href":"https:\/\/www.cordobatimes.com\/deportes\/wp-json\/wp\/v2\/types\/post"}],"author":[{"embeddable":true,"href":"https:\/\/www.cordobatimes.com\/deportes\/wp-json\/wp\/v2\/users\/26"}],"replies":[{"embeddable":true,"href":"https:\/\/www.cordobatimes.com\/deportes\/wp-json\/wp\/v2\/comments?post=32345"}],"version-history":[{"count":0,"href":"https:\/\/www.cordobatimes.com\/deportes\/wp-json\/wp\/v2\/posts\/32345\/revisions"}],"wp:featuredmedia":[{"embeddable":true,"href":"https:\/\/www.cordobatimes.com\/deportes\/wp-json\/wp\/v2\/media\/32349"}],"wp:attachment":[{"href":"https:\/\/www.cordobatimes.com\/deportes\/wp-json\/wp\/v2\/media?parent=32345"}],"wp:term":[{"taxonomy":"category","embeddable":true,"href":"https:\/\/www.cordobatimes.com\/deportes\/wp-json\/wp\/v2\/categories?post=32345"},{"taxonomy":"post_tag","embeddable":true,"href":"https:\/\/www.cordobatimes.com\/deportes\/wp-json\/wp\/v2\/tags?post=32345"}],"curies":[{"name":"wp","href":"https:\/\/api.w.org\/{rel}","templated":true}]}}