{"id":32182,"date":"2017-07-28T17:55:40","date_gmt":"2017-07-28T20:55:40","guid":{"rendered":"http:\/\/www.cordobatimes.com\/deportes\/?p=32182"},"modified":"2017-07-28T18:27:10","modified_gmt":"2017-07-28T21:27:10","slug":"budapest-2017-la-cordobesa-andrea-berrino-se-metio-las-semis","status":"publish","type":"post","link":"https:\/\/www.cordobatimes.com\/deportes\/polideportivo\/2017\/07\/28\/budapest-2017-la-cordobesa-andrea-berrino-se-metio-las-semis\/","title":{"rendered":"Budapest 2017: la cordobesa Andrea Berrino qued\u00f3 en las puertas de la final"},"content":{"rendered":"<h3>La nadadora argentina se clasific\u00f3 a las semis del Mundial de Nataci\u00f3n en los 50 metros espalda, quebr\u00f3 dos veces el r\u00e9cord nacional de la prueba, pero no pudo acceder a la instancia definitiva. Asimismo, se convirti\u00f3 en la n\u00famero dos\u00a0de Sudam\u00e9rica.<\/h3>\n<p>La nadadora Andrea Berrino se convirti\u00f3 en la mejor representante argentina en el Mundial de Nataci\u00f3n disputado en Budapest, Hungr\u00eda. La deportista, oriunda de R\u00edo Tercero, estuvo a un paso de meterse en la final, pero se qued\u00f3 en las puertas de la gloria.<\/p>\n<p>La cordobesa se meti\u00f3 en\u00a0la semifinal de la prueba de los 50 metros espalda, de la que se despidi\u00f3 s\u00e9ptima, estableciendo su tiempo de 27.80 como el mejor registro nacional, y terminando en el puesto 12 del\u00a0certamen.\u00a0Hac\u00eda 10 a\u00f1os que una argentina no acced\u00eda a a esta instancia en\u00a0un mundial.<\/p>\n<p>Berrino\u00a0qued\u00f3 10ma en la clasificaci\u00f3n preliminar de su primera serie,\u00a0registrado un tiempo de 27.96, que se impon\u00eda ya como el mejor tiempo de la prueba en nuestro pa\u00eds.<\/p>\n<p>Sin embargo,\u00a0la pupila de Federico Rossi iba a ir por m\u00e1s. En una semifinal en la que las presiones muestran a los mejores del mundo exigi\u00e9ndose por acceder a la final, Andrea\u00a0logr\u00f3 batir su propia marca nadando\u00a027.80, que la dej\u00f3 a tan solo 21 cent\u00e9simas de clasificarse a la \u00faltima instancia.<\/p>\n<p>La brasile\u00f1a Etiene Medeiros fue la mejor de la definici\u00f3n con su tiempo de 27.18, seguida de cerca por la china Yuanhui Fui, a s\u00f3lo una cent\u00e9sima de distancia, y m\u00e1s de lejos por la norteamericana Kathleen Baker, tercera con 27.48.<\/p>\n<p>Con esta nueva marca, la riotercerense\u00a0ingresa nuevamente al &#8220;Hall de Honor&#8221; de la Nataci\u00f3n Argentina. El r\u00e9cord que la velocista quebr\u00f3 por partida doble (28.11) era de su propia autor\u00eda, conseguido en\u00a0el Sudamericano de Asunci\u00f3n de Paraguay, en 2016. Otro registro que la cordobesa hizo temblar en la competencia\u00a0fue el de la posta 4&#215;100 metros combinados, que con una marca de 3.52.31 a\u00fan sobrevive como el mejor tiempo argentino absoluto de la prueba.<\/p>\n<p><strong>Un ejemplo de perseverancia<\/strong><\/p>\n<p>&#8220;La Flaca&#8221;, como le dicen sus seres queridos, se sobrepuso a las adversidades, ya\u00a0que estuvo al borde del\u00a0retiro a sus tan solo\u00a018 a\u00f1os, donde pas\u00f3 dos a\u00f1os sin entrenar por una tendinitis y le recomendaron que no nadara m\u00e1s.<\/p>\n<p>Luego, en 2014 volvi\u00f3 a competir despu\u00e9s de dos a\u00f1os de recuperaci\u00f3n por una severa lesi\u00f3n en la espalda, y el a\u00f1o pasado sufri\u00f3 otro duro golpe cuando qued\u00f3 a las puertas de clasificarse a los Juegos Ol\u00edmpicos de R\u00edo de Janeiro.<\/p>\n<p>Sin embargo, Andrea sigui\u00f3 adelante y hoy, con 23, vive un presente\u00a0extraordinario siendo una de las mejores nadadoras del pa\u00eds y Am\u00e9rica del Sur, con un futuro sin techo por delante.<\/p>\n","protected":false},"excerpt":{"rendered":"<p>La nadadora argentina se clasific\u00f3 a las semis del Mundial de Nataci\u00f3n en los 50 metros espalda, quebr\u00f3 dos veces el r\u00e9cord nacional de la prueba, pero no pudo acceder a la instancia definitiva. Asimismo, se convirti\u00f3 en la n\u00famero dos\u00a0de Sudam\u00e9rica. La nadadora Andrea Berrino se convirti\u00f3 en la mejor representante argentina en el [&hellip;]<\/p>\n","protected":false},"author":5,"featured_media":32183,"comment_status":"closed","ping_status":"closed","sticky":false,"template":"","format":"standard","meta":{"_seopress_robots_primary_cat":"","_seopress_titles_title":"","_seopress_titles_desc":"","_seopress_robots_index":"","footnotes":""},"categories":[6],"tags":[5978,5977,5549,5979],"class_list":["post-32182","post","type-post","status-publish","format-standard","has-post-thumbnail","hentry","category-polideportivo","tag-andrea-berrino","tag-budapest-2017","tag-mundial-de-natacion","tag-record-argentino"],"_links":{"self":[{"href":"https:\/\/www.cordobatimes.com\/deportes\/wp-json\/wp\/v2\/posts\/32182","targetHints":{"allow":["GET"]}}],"collection":[{"href":"https:\/\/www.cordobatimes.com\/deportes\/wp-json\/wp\/v2\/posts"}],"about":[{"href":"https:\/\/www.cordobatimes.com\/deportes\/wp-json\/wp\/v2\/types\/post"}],"author":[{"embeddable":true,"href":"https:\/\/www.cordobatimes.com\/deportes\/wp-json\/wp\/v2\/users\/5"}],"replies":[{"embeddable":true,"href":"https:\/\/www.cordobatimes.com\/deportes\/wp-json\/wp\/v2\/comments?post=32182"}],"version-history":[{"count":0,"href":"https:\/\/www.cordobatimes.com\/deportes\/wp-json\/wp\/v2\/posts\/32182\/revisions"}],"wp:featuredmedia":[{"embeddable":true,"href":"https:\/\/www.cordobatimes.com\/deportes\/wp-json\/wp\/v2\/media\/32183"}],"wp:attachment":[{"href":"https:\/\/www.cordobatimes.com\/deportes\/wp-json\/wp\/v2\/media?parent=32182"}],"wp:term":[{"taxonomy":"category","embeddable":true,"href":"https:\/\/www.cordobatimes.com\/deportes\/wp-json\/wp\/v2\/categories?post=32182"},{"taxonomy":"post_tag","embeddable":true,"href":"https:\/\/www.cordobatimes.com\/deportes\/wp-json\/wp\/v2\/tags?post=32182"}],"curies":[{"name":"wp","href":"https:\/\/api.w.org\/{rel}","templated":true}]}}