{"id":32168,"date":"2017-07-27T21:09:34","date_gmt":"2017-07-28T00:09:34","guid":{"rendered":"http:\/\/www.cordobatimes.com\/deportes\/?p=32168"},"modified":"2017-07-27T21:21:21","modified_gmt":"2017-07-28T00:21:21","slug":"mas-gigante-nunca","status":"publish","type":"post","link":"https:\/\/www.cordobatimes.com\/deportes\/futbol\/2017\/07\/27\/mas-gigante-nunca\/","title":{"rendered":"M\u00e1s Gigante que nunca&#8230;"},"content":{"rendered":"<h3><strong>Belgrano se esta preparando con todo para el comienzo del pr\u00f3ximo torneo de Primera Divisi\u00f3n, y los hinchas con ansias esperan el regreso al Gigante de Alberdi. Mira en estas fotos como va quedando el estadio.\u00a0<\/strong><\/h3>\n<p><strong>As\u00ed esta el campo de juego.<\/strong><\/p>\n<p><img loading=\"lazy\" decoding=\"async\" class=\"alignnone wp-image-32172 size-full\" src=\"http:\/\/www.cordobatimes.com\/deportes\/wp-content\/uploads\/2017\/07\/cancha.jpg\" alt=\"\" width=\"857\" height=\"421\" srcset=\"https:\/\/www.cordobatimes.com\/deportes\/wp-content\/uploads\/2017\/07\/cancha.jpg 857w, https:\/\/www.cordobatimes.com\/deportes\/wp-content\/uploads\/2017\/07\/cancha-300x147.jpg 300w, https:\/\/www.cordobatimes.com\/deportes\/wp-content\/uploads\/2017\/07\/cancha-768x377.jpg 768w, https:\/\/www.cordobatimes.com\/deportes\/wp-content\/uploads\/2017\/07\/cancha-324x160.jpg 324w, https:\/\/www.cordobatimes.com\/deportes\/wp-content\/uploads\/2017\/07\/cancha-533x261.jpg 533w, https:\/\/www.cordobatimes.com\/deportes\/wp-content\/uploads\/2017\/07\/cancha-696x342.jpg 696w, https:\/\/www.cordobatimes.com\/deportes\/wp-content\/uploads\/2017\/07\/cancha-855x420.jpg 855w\" sizes=\"auto, (max-width: 857px) 100vw, 857px\" \/><\/p>\n<p><strong>Esa vista panor\u00e1mica tendr\u00e1n los palcos.<\/strong><\/p>\n<p><img loading=\"lazy\" decoding=\"async\" class=\"alignnone wp-image-32171 size-full\" src=\"http:\/\/www.cordobatimes.com\/deportes\/wp-content\/uploads\/2017\/07\/palcos.jpg\" alt=\"\" width=\"964\" height=\"529\" srcset=\"https:\/\/www.cordobatimes.com\/deportes\/wp-content\/uploads\/2017\/07\/palcos.jpg 964w, https:\/\/www.cordobatimes.com\/deportes\/wp-content\/uploads\/2017\/07\/palcos-300x165.jpg 300w, https:\/\/www.cordobatimes.com\/deportes\/wp-content\/uploads\/2017\/07\/palcos-768x421.jpg 768w, https:\/\/www.cordobatimes.com\/deportes\/wp-content\/uploads\/2017\/07\/palcos-696x382.jpg 696w, https:\/\/www.cordobatimes.com\/deportes\/wp-content\/uploads\/2017\/07\/palcos-765x420.jpg 765w\" sizes=\"auto, (max-width: 964px) 100vw, 964px\" \/><\/p>\n<p><strong>Ahora van por la platea preferencial.<\/strong><\/p>\n<p><img loading=\"lazy\" decoding=\"async\" class=\"alignnone wp-image-32170 size-full\" src=\"http:\/\/www.cordobatimes.com\/deportes\/wp-content\/uploads\/2017\/07\/tribuna.jpg\" alt=\"\" width=\"860\" height=\"420\" srcset=\"https:\/\/www.cordobatimes.com\/deportes\/wp-content\/uploads\/2017\/07\/tribuna.jpg 860w, https:\/\/www.cordobatimes.com\/deportes\/wp-content\/uploads\/2017\/07\/tribuna-300x147.jpg 300w, https:\/\/www.cordobatimes.com\/deportes\/wp-content\/uploads\/2017\/07\/tribuna-768x375.jpg 768w, https:\/\/www.cordobatimes.com\/deportes\/wp-content\/uploads\/2017\/07\/tribuna-533x261.jpg 533w, https:\/\/www.cordobatimes.com\/deportes\/wp-content\/uploads\/2017\/07\/tribuna-696x340.jpg 696w\" sizes=\"auto, (max-width: 860px) 100vw, 860px\" \/><\/p>\n<p><strong>As\u00ed luce la platea que da a la calle Arturo Orgaz.<\/strong><\/p>\n<p><img loading=\"lazy\" decoding=\"async\" class=\"alignnone wp-image-32169 size-full\" src=\"http:\/\/www.cordobatimes.com\/deportes\/wp-content\/uploads\/2017\/07\/tribuna2.png\" alt=\"\" width=\"865\" height=\"422\" srcset=\"https:\/\/www.cordobatimes.com\/deportes\/wp-content\/uploads\/2017\/07\/tribuna2.png 865w, https:\/\/www.cordobatimes.com\/deportes\/wp-content\/uploads\/2017\/07\/tribuna2-300x146.png 300w, https:\/\/www.cordobatimes.com\/deportes\/wp-content\/uploads\/2017\/07\/tribuna2-768x375.png 768w, https:\/\/www.cordobatimes.com\/deportes\/wp-content\/uploads\/2017\/07\/tribuna2-533x261.png 533w, https:\/\/www.cordobatimes.com\/deportes\/wp-content\/uploads\/2017\/07\/tribuna2-696x340.png 696w, https:\/\/www.cordobatimes.com\/deportes\/wp-content\/uploads\/2017\/07\/tribuna2-861x420.png 861w\" sizes=\"auto, (max-width: 865px) 100vw, 865px\" \/><\/p>\n","protected":false},"excerpt":{"rendered":"<p>Belgrano se esta preparando con todo para el comienzo del pr\u00f3ximo torneo de Primera Divisi\u00f3n, y los hinchas con ansias esperan el regreso al Gigante de Alberdi. Mira en estas fotos como va quedando el estadio.\u00a0 As\u00ed esta el campo de juego. Esa vista panor\u00e1mica tendr\u00e1n los palcos. Ahora van por la platea preferencial. As\u00ed [&hellip;]<\/p>\n","protected":false},"author":20,"featured_media":32174,"comment_status":"closed","ping_status":"closed","sticky":false,"template":"","format":"standard","meta":{"_seopress_robots_primary_cat":"","_seopress_titles_title":"","_seopress_titles_desc":"","_seopress_robots_index":"","footnotes":""},"categories":[2,16],"tags":[37,3232],"class_list":["post-32168","post","type-post","status-publish","format-standard","has-post-thumbnail","hentry","category-futbol","category-primera-division","tag-belgrano","tag-gigante-de-alberdi"],"_links":{"self":[{"href":"https:\/\/www.cordobatimes.com\/deportes\/wp-json\/wp\/v2\/posts\/32168","targetHints":{"allow":["GET"]}}],"collection":[{"href":"https:\/\/www.cordobatimes.com\/deportes\/wp-json\/wp\/v2\/posts"}],"about":[{"href":"https:\/\/www.cordobatimes.com\/deportes\/wp-json\/wp\/v2\/types\/post"}],"author":[{"embeddable":true,"href":"https:\/\/www.cordobatimes.com\/deportes\/wp-json\/wp\/v2\/users\/20"}],"replies":[{"embeddable":true,"href":"https:\/\/www.cordobatimes.com\/deportes\/wp-json\/wp\/v2\/comments?post=32168"}],"version-history":[{"count":0,"href":"https:\/\/www.cordobatimes.com\/deportes\/wp-json\/wp\/v2\/posts\/32168\/revisions"}],"wp:featuredmedia":[{"embeddable":true,"href":"https:\/\/www.cordobatimes.com\/deportes\/wp-json\/wp\/v2\/media\/32174"}],"wp:attachment":[{"href":"https:\/\/www.cordobatimes.com\/deportes\/wp-json\/wp\/v2\/media?parent=32168"}],"wp:term":[{"taxonomy":"category","embeddable":true,"href":"https:\/\/www.cordobatimes.com\/deportes\/wp-json\/wp\/v2\/categories?post=32168"},{"taxonomy":"post_tag","embeddable":true,"href":"https:\/\/www.cordobatimes.com\/deportes\/wp-json\/wp\/v2\/tags?post=32168"}],"curies":[{"name":"wp","href":"https:\/\/api.w.org\/{rel}","templated":true}]}}