{"id":32160,"date":"2017-07-27T19:47:51","date_gmt":"2017-07-27T22:47:51","guid":{"rendered":"http:\/\/www.cordobatimes.com\/deportes\/?p=32160"},"modified":"2017-07-27T19:50:23","modified_gmt":"2017-07-27T22:50:23","slug":"talleres-sumo-lucas-olaza","status":"publish","type":"post","link":"https:\/\/www.cordobatimes.com\/deportes\/futbol\/2017\/07\/27\/talleres-sumo-lucas-olaza\/","title":{"rendered":"Talleres sum\u00f3 a Lucas Olaza"},"content":{"rendered":"<h3><strong>La &#8220;T&#8221; incorpor\u00f3 al defensor uruguayo para reemplazar a Guillermo Contugno.<\/strong><\/h3>\n<p>El defensor de 23 a\u00f1os viene de jugar en Danubio de Uruguay, donde en la \u00faltima temporada marc\u00f3 ocho goles en 24 partidos.<\/p>\n<p>El futbolista surgido en River Plate de Montevideo (Uruguay) tambi\u00e9n visti\u00f3 las remeras de Atl\u00e9tico Paranaense de Brasil y Celta de Vigo &#8220;B&#8221; de Espa\u00f1a.<\/p>\n<p>Olaza firm\u00f3 su contrato hoy por 3 a\u00f1os y ya est\u00e1 entrenando con el resto del plantel bajo las \u00f3rdenes de Frank Dar\u00edo Kudelka.<!--more--><\/p>\n","protected":false},"excerpt":{"rendered":"<p>La &#8220;T&#8221; incorpor\u00f3 al defensor uruguayo para reemplazar a Guillermo Contugno. El defensor de 23 a\u00f1os viene de jugar en Danubio de Uruguay, donde en la \u00faltima temporada marc\u00f3 ocho goles en 24 partidos. El futbolista surgido en River Plate de Montevideo (Uruguay) tambi\u00e9n visti\u00f3 las remeras de Atl\u00e9tico Paranaense de Brasil y Celta de [&hellip;]<\/p>\n","protected":false},"author":26,"featured_media":32163,"comment_status":"closed","ping_status":"closed","sticky":false,"template":"","format":"standard","meta":{"_seopress_robots_primary_cat":"","_seopress_titles_title":"","_seopress_titles_desc":"","_seopress_robots_index":"","footnotes":""},"categories":[2,16],"tags":[4748,5975,1537,40],"class_list":["post-32160","post","type-post","status-publish","format-standard","has-post-thumbnail","hentry","category-futbol","category-primera-division","tag-frank-dario-kudelka","tag-lucas-olaza","tag-refuerzo","tag-talleres"],"_links":{"self":[{"href":"https:\/\/www.cordobatimes.com\/deportes\/wp-json\/wp\/v2\/posts\/32160","targetHints":{"allow":["GET"]}}],"collection":[{"href":"https:\/\/www.cordobatimes.com\/deportes\/wp-json\/wp\/v2\/posts"}],"about":[{"href":"https:\/\/www.cordobatimes.com\/deportes\/wp-json\/wp\/v2\/types\/post"}],"author":[{"embeddable":true,"href":"https:\/\/www.cordobatimes.com\/deportes\/wp-json\/wp\/v2\/users\/26"}],"replies":[{"embeddable":true,"href":"https:\/\/www.cordobatimes.com\/deportes\/wp-json\/wp\/v2\/comments?post=32160"}],"version-history":[{"count":0,"href":"https:\/\/www.cordobatimes.com\/deportes\/wp-json\/wp\/v2\/posts\/32160\/revisions"}],"wp:featuredmedia":[{"embeddable":true,"href":"https:\/\/www.cordobatimes.com\/deportes\/wp-json\/wp\/v2\/media\/32163"}],"wp:attachment":[{"href":"https:\/\/www.cordobatimes.com\/deportes\/wp-json\/wp\/v2\/media?parent=32160"}],"wp:term":[{"taxonomy":"category","embeddable":true,"href":"https:\/\/www.cordobatimes.com\/deportes\/wp-json\/wp\/v2\/categories?post=32160"},{"taxonomy":"post_tag","embeddable":true,"href":"https:\/\/www.cordobatimes.com\/deportes\/wp-json\/wp\/v2\/tags?post=32160"}],"curies":[{"name":"wp","href":"https:\/\/api.w.org\/{rel}","templated":true}]}}